{"id":137308,"date":"2023-08-11T16:33:37","date_gmt":"2023-08-11T19:33:37","guid":{"rendered":"http:\/\/centraldeportes.com.ar\/?p=39994"},"modified":"2025-02-11T20:56:02","modified_gmt":"2025-02-11T23:56:02","slug":"natacion-altamira-compitio-en-un-nacional-y-los-master-en-un-provincial","status":"publish","type":"post","link":"https:\/\/cdnoticias.com\/index.php\/2023\/08\/11\/natacion-altamira-compitio-en-un-nacional-y-los-master-en-un-provincial\/","title":{"rendered":"Nataci\u00f3n: Altamira compiti\u00f3 en un Nacional y los M\u00e1ster en un Provincial"},"content":{"rendered":"<p>D\u00edas atr\u00e1s, nadadores del Club Ferro tuvieron diferentes competencias. Fernando Altamira se present\u00f3 en el certamen para los mejores del pa\u00eds y el equipo M\u00e1ster lo hizo en la continuidad del Torneo Provincial.<!--more--><\/p>\n<hr \/>\n<p>En lo que respecta a <strong>Fernando Altamira<\/strong>, dijo presente, del 1 al 5 de agosto, en el natatorio Ol\u00edmpico Madre de Ciudades de <strong>Santiago del Estero<\/strong> donde se llev\u00f3 a cabo el Campeonato Nacional.<\/p>\n<p>&nbsp;<\/p>\n<p>En el evento que cont\u00f3 con m\u00e1s de 50 clubes de todo el pa\u00eds y nadadores entre 10 y 13 a\u00f1os, el \u201cCarbonero\u201d sum\u00f3 destacados resultados.<\/p>\n<p>&nbsp;<\/p>\n<h6><strong>Los resultados:<\/strong><\/h6>\n<p>3\u00b0 en 200 m Combinados<br \/>\n3\u00b0 en 50 m Libres<br \/>\n4\u00b0 en 200 m Espalda<br \/>\n4\u00b0 en 100 m Pecho<br \/>\n5\u00b0 en 100 m Espalda<br \/>\n8\u00b0 en 400 m Combinados<\/p>\n<p>&nbsp;<\/p>\n<p>Por otro lado, el equipo M\u00e1ster particip\u00f3 de la segunda fecha del campeonato Provincial y se present\u00f3 en Puerto Madryn.<\/p>\n<p>&nbsp;<\/p>\n<p>En el <strong>Club Ferro<\/strong> hubo m\u00e1s de 100 inscriptos representando a Escuela Municipal de Comodoro Rivadavia, Club Jer\u00e1rquicos de Comodoro Rivadavia, Club Independiente Deportivo Esquel, Club Municipal Trevelin, Asociaci\u00f3n Myfanuy Humpreys de Rawson y los \u201cCarboneros\u201d.<\/p>\n","protected":false},"excerpt":{"rendered":"<p>D\u00edas atr\u00e1s, nadadores del Club Ferro tuvieron diferentes competencias. Fernando Altamira se present\u00f3 en el certamen para los mejores del<\/p>\n","protected":false},"author":96739694,"featured_media":156791,"comment_status":"closed","ping_status":"closed","sticky":false,"template":"","format":"standard","meta":{"_jetpack_memberships_contains_paid_content":false,"footnotes":""},"categories":[30,1],"tags":[],"class_list":["post-137308","post","type-post","status-publish","format-standard","has-post-thumbnail","hentry","category-polideportivo","category-portada"],"jetpack_featured_media_url":"https:\/\/i0.wp.com\/cdnoticias.com\/wp-content\/uploads\/2023\/08\/WhatsApp-Image-2023-08-07-at-17.07.31.jpeg?fit=720%2C535&ssl=1","jetpack_sharing_enabled":true,"_links":{"self":[{"href":"https:\/\/cdnoticias.com\/index.php\/wp-json\/wp\/v2\/posts\/137308","targetHints":{"allow":["GET"]}}],"collection":[{"href":"https:\/\/cdnoticias.com\/index.php\/wp-json\/wp\/v2\/posts"}],"about":[{"href":"https:\/\/cdnoticias.com\/index.php\/wp-json\/wp\/v2\/types\/post"}],"author":[{"embeddable":true,"href":"https:\/\/cdnoticias.com\/index.php\/wp-json\/wp\/v2\/users\/96739694"}],"replies":[{"embeddable":true,"href":"https:\/\/cdnoticias.com\/index.php\/wp-json\/wp\/v2\/comments?post=137308"}],"version-history":[{"count":0,"href":"https:\/\/cdnoticias.com\/index.php\/wp-json\/wp\/v2\/posts\/137308\/revisions"}],"wp:featuredmedia":[{"embeddable":true,"href":"https:\/\/cdnoticias.com\/index.php\/wp-json\/wp\/v2\/media\/156791"}],"wp:attachment":[{"href":"https:\/\/cdnoticias.com\/index.php\/wp-json\/wp\/v2\/media?parent=137308"}],"wp:term":[{"taxonomy":"category","embeddable":true,"href":"https:\/\/cdnoticias.com\/index.php\/wp-json\/wp\/v2\/categories?post=137308"},{"taxonomy":"post_tag","embeddable":true,"href":"https:\/\/cdnoticias.com\/index.php\/wp-json\/wp\/v2\/tags?post=137308"}],"curies":[{"name":"wp","href":"https:\/\/api.w.org\/{rel}","templated":true}]}}