{"id":137303,"date":"2023-08-10T20:38:55","date_gmt":"2023-08-10T23:38:55","guid":{"rendered":"http:\/\/centraldeportes.com.ar\/?p=39972"},"modified":"2025-02-11T20:56:34","modified_gmt":"2025-02-11T23:56:34","slug":"torneo-regional-en-el-macro-hubo-mucha-presencia-local","status":"publish","type":"post","link":"https:\/\/cdnoticias.com\/index.php\/2023\/08\/10\/torneo-regional-en-el-macro-hubo-mucha-presencia-local\/","title":{"rendered":"Torneo Regional en el Macro: hubo mucha presencia local"},"content":{"rendered":"<p>Desde el viernes hasta el domingo se desarroll\u00f3 en el Macrogimnasio de Estudiantes un encuentro regional de pat\u00edn art\u00edstico organizado por la Asociaci\u00f3n del Centro de Pat\u00edn y hubo numerosa presencia olavarriense.<!--more--><\/p>\n<hr \/>\n<p>Loma Negra, Club Boca, Racing Club y Estudiantes fueron las entidades olavarrienses que compitieron el pasado fin de semana en el certamen regional que cont\u00f3 con m\u00e1s de 180 patinadoras.<\/p>\n<p>&nbsp;<\/p>\n<p>Tambi\u00e9n se presentaron deportistas de\u00a0Star Pat\u00edn de Azul, Lil\u00e1n de Laprida, Newbery de Laprida, Colegiales de Tres Arroyos y Pat\u00edn Bol\u00edvar.<\/p>\n<p>&nbsp;<\/p>\n<p>[soliloquy id=&#8221;39939&#8243;]<\/p>\n<p>&nbsp;<\/p>\n<p>En lo que respecta a la presentaciones de las &#8220;albinegras&#8221;, estuvieron coordinadas por Mariana Espil que tambi\u00e9n fue parte de la organizaci\u00f3n del evento.<\/p>\n<p>&nbsp;<\/p>\n","protected":false},"excerpt":{"rendered":"<p>Desde el viernes hasta el domingo se desarroll\u00f3 en el Macrogimnasio de Estudiantes un encuentro regional de pat\u00edn art\u00edstico organizado<\/p>\n","protected":false},"author":96739694,"featured_media":156804,"comment_status":"closed","ping_status":"closed","sticky":false,"template":"","format":"standard","meta":{"_jetpack_memberships_contains_paid_content":false,"footnotes":""},"categories":[30,1],"tags":[],"class_list":["post-137303","post","type-post","status-publish","format-standard","has-post-thumbnail","hentry","category-polideportivo","category-portada"],"jetpack_featured_media_url":"https:\/\/i0.wp.com\/cdnoticias.com\/wp-content\/uploads\/2023\/08\/patin-7.jpeg?fit=1280%2C853&ssl=1","jetpack_sharing_enabled":true,"_links":{"self":[{"href":"https:\/\/cdnoticias.com\/index.php\/wp-json\/wp\/v2\/posts\/137303","targetHints":{"allow":["GET"]}}],"collection":[{"href":"https:\/\/cdnoticias.com\/index.php\/wp-json\/wp\/v2\/posts"}],"about":[{"href":"https:\/\/cdnoticias.com\/index.php\/wp-json\/wp\/v2\/types\/post"}],"author":[{"embeddable":true,"href":"https:\/\/cdnoticias.com\/index.php\/wp-json\/wp\/v2\/users\/96739694"}],"replies":[{"embeddable":true,"href":"https:\/\/cdnoticias.com\/index.php\/wp-json\/wp\/v2\/comments?post=137303"}],"version-history":[{"count":0,"href":"https:\/\/cdnoticias.com\/index.php\/wp-json\/wp\/v2\/posts\/137303\/revisions"}],"wp:featuredmedia":[{"embeddable":true,"href":"https:\/\/cdnoticias.com\/index.php\/wp-json\/wp\/v2\/media\/156804"}],"wp:attachment":[{"href":"https:\/\/cdnoticias.com\/index.php\/wp-json\/wp\/v2\/media?parent=137303"}],"wp:term":[{"taxonomy":"category","embeddable":true,"href":"https:\/\/cdnoticias.com\/index.php\/wp-json\/wp\/v2\/categories?post=137303"},{"taxonomy":"post_tag","embeddable":true,"href":"https:\/\/cdnoticias.com\/index.php\/wp-json\/wp\/v2\/tags?post=137303"}],"curies":[{"name":"wp","href":"https:\/\/api.w.org\/{rel}","templated":true}]}}