{"id":13730,"date":"2021-02-14T10:18:09","date_gmt":"2021-02-14T13:18:09","guid":{"rendered":"http:\/\/www.centraldenoticias.com.ar\/?p=13730"},"modified":"2021-02-14T13:39:11","modified_gmt":"2021-02-14T16:39:11","slug":"el-proximo-sabado-llegara-el-estado-cerca-tuyo","status":"publish","type":"post","link":"https:\/\/cdnoticias.com\/index.php\/2021\/02\/14\/el-proximo-sabado-llegara-el-estado-cerca-tuyo\/","title":{"rendered":"El pr\u00f3ximo s\u00e1bado llegar\u00e1 \u201cEl Estado Cerca Tuyo\u201d"},"content":{"rendered":"<p>Organismos nacionales y provinciales estar\u00e1n en las inmediaciones de Col\u00f3n y Alberdi para que los vecinos y vecinas puedan acercarse a realizar diferentes consultas y recibir asesoramiento.<!--more--><\/p>\n<hr \/>\n<p>Con el objetivo de ampliar la atenci\u00f3n y llegar a m\u00e1s personas, <strong>representantes de PAMI, IOMA, ANSES, Defensor\u00eda de la Provincia de Buenos Aires, Regi\u00f3n Sanitaria, Centro de Acceso a la Justicia, Ministerio de las Mujeres, Pol\u00edticas de G\u00e9nero y Diversidad Sexual, Ministerio de Desarrollo Social,\u00a0 Secretar\u00eda de Derechos Humanos, Ministerio de Trabajo, Direcci\u00f3n General de Cultura y de Educaci\u00f3n, Sedronar, CNRT, Plan FINES y Registro Nacional de las Personas\u00a0<\/strong> estar\u00e1n brindando asesoramiento totalmente gratuito en nuestra ciudad.<\/p>\n<p>&nbsp;<\/p>\n<p>Las personas que necesiten realizar diferentes consultas podr\u00e1n acercarse a <strong>Col\u00f3n y Alberdi el pr\u00f3ximo s\u00e1bado 20 de febrero en el horario de 9 a 13. Se explic\u00f3 que la atenci\u00f3n ser\u00e1 por orden de llegada, por lo que no hay que registrarse previamente<\/strong>.<\/p>\n<p>&nbsp;<\/p>\n<p>\u201cEl Estado Cerca Tuyo\u201d es una iniciativa de Federico Aguilera con el fin de agilizar la atenci\u00f3n y brindar informaci\u00f3n de manera inmediata. Desde la organizaci\u00f3n destacaron que <strong>todos los asistentes\u00a0 deber\u00e1n respetar los protocolos sanitarios, el distanciamiento social y uso obligatorio de barbijo.<\/strong><\/p>\n","protected":false},"excerpt":{"rendered":"<p>Organismos nacionales y provinciales estar\u00e1n en las inmediaciones de Col\u00f3n y Alberdi para que los vecinos y vecinas puedan acercarse<\/p>\n","protected":false},"author":3,"featured_media":13731,"comment_status":"closed","ping_status":"closed","sticky":false,"template":"","format":"standard","meta":{"_jetpack_memberships_contains_paid_content":false,"footnotes":""},"categories":[5],"tags":[],"class_list":["post-13730","post","type-post","status-publish","format-standard","has-post-thumbnail","hentry","category-informacion-general"],"jetpack_featured_media_url":"https:\/\/i0.wp.com\/cdnoticias.com\/wp-content\/uploads\/2021\/02\/estado-cerca-tuyo.jpg?fit=952%2C462&ssl=1","jetpack_sharing_enabled":true,"_links":{"self":[{"href":"https:\/\/cdnoticias.com\/index.php\/wp-json\/wp\/v2\/posts\/13730","targetHints":{"allow":["GET"]}}],"collection":[{"href":"https:\/\/cdnoticias.com\/index.php\/wp-json\/wp\/v2\/posts"}],"about":[{"href":"https:\/\/cdnoticias.com\/index.php\/wp-json\/wp\/v2\/types\/post"}],"author":[{"embeddable":true,"href":"https:\/\/cdnoticias.com\/index.php\/wp-json\/wp\/v2\/users\/3"}],"replies":[{"embeddable":true,"href":"https:\/\/cdnoticias.com\/index.php\/wp-json\/wp\/v2\/comments?post=13730"}],"version-history":[{"count":0,"href":"https:\/\/cdnoticias.com\/index.php\/wp-json\/wp\/v2\/posts\/13730\/revisions"}],"wp:featuredmedia":[{"embeddable":true,"href":"https:\/\/cdnoticias.com\/index.php\/wp-json\/wp\/v2\/media\/13731"}],"wp:attachment":[{"href":"https:\/\/cdnoticias.com\/index.php\/wp-json\/wp\/v2\/media?parent=13730"}],"wp:term":[{"taxonomy":"category","embeddable":true,"href":"https:\/\/cdnoticias.com\/index.php\/wp-json\/wp\/v2\/categories?post=13730"},{"taxonomy":"post_tag","embeddable":true,"href":"https:\/\/cdnoticias.com\/index.php\/wp-json\/wp\/v2\/tags?post=13730"}],"curies":[{"name":"wp","href":"https:\/\/api.w.org\/{rel}","templated":true}]}}