{"id":137295,"date":"2023-08-09T19:54:27","date_gmt":"2023-08-09T22:54:27","guid":{"rendered":"http:\/\/centraldeportes.com.ar\/?p=39896"},"modified":"2025-02-11T20:56:46","modified_gmt":"2025-02-11T23:56:46","slug":"femenino-local-el-torneo-clausura-continuo-en-primera-division-e-inicio-en-inferiores","status":"publish","type":"post","link":"https:\/\/cdnoticias.com\/index.php\/2023\/08\/09\/femenino-local-el-torneo-clausura-continuo-en-primera-division-e-inicio-en-inferiores\/","title":{"rendered":"Femenino local: el Torneo Clausura continu\u00f3 en Primera Divisi\u00f3n e inici\u00f3 en Inferiores"},"content":{"rendered":"<p>La divisional mayor tach\u00f3 la 3\u00b0 fecha del campeonato, mientras que las Formativas arrancaron el nuevo certamen en terreno \u201cBataraz\u201d.<!--more--><\/p>\n<hr \/>\n<p>Con otro fin de semana cargado de f\u00fatbol, el <strong>f\u00fatbol femenino de Olavarr\u00eda<\/strong> le dio continuidad a la agenda gestionada por la Liga de F\u00fatbol de Olavarr\u00eda en dos escenarios de la ciudad.<\/p>\n<p>&nbsp;<\/p>\n<p>Por un lado, en el Parque Carlos Guerrero, las Divisiones Inferiores comenzaron oficialmente el s\u00e1bado pasado el segundo torneo del a\u00f1o en las tres categor\u00edas.<\/p>\n<p>&nbsp;<\/p>\n<p>Al d\u00eda siguiente, los equipos de Primera Divisi\u00f3n disputaron de forma \u00edntegra la 3\u00b0 fecha del Torneo Clausura en el estadio Jos\u00e9 Buglione Martinese y hubo triunfo para las punteras,<strong> Racing e Hinojo<\/strong>. Adem\u00e1s, festejaron <strong>Municipales A<\/strong> y <strong>Sierra Chica<\/strong>, en tanto que<strong> Mu\u00f1oz y Tres Hermanos<\/strong> repartieron puntos.<\/p>\n<p>&nbsp;<\/p>\n<p>[soliloquy id=&#8221;39909&#8243;]<\/p>\n<p>&nbsp;<\/p>\n<h6><strong>Resultados:<\/strong><\/h6>\n<p>&nbsp;<\/p>\n<h6>Primera<\/h6>\n<p><strong>Ferro Carril Sud<\/strong> <strong>0 \u2013 2<\/strong> <strong>Municipales A<\/strong> (Roc\u00edo Vivas -2-)<\/p>\n<p><strong>Mu\u00f1oz<\/strong>\u00a0 (Mar\u00eda Luz Bulant)\u00a0<strong>1 \u2013 1<\/strong> <strong>Tres Hermanos (Blanca Chica)<\/strong> (Milagros Aristegui)<\/p>\n<p><strong>Pueyrred\u00f3n<\/strong> <strong>0 \u2013 3<\/strong> <strong>Sierra Chica<\/strong> (Mar\u00eda Bramajo -2- y Roc\u00edo Sosa)<\/p>\n<p><strong>Embajadores<\/strong> <strong>0 \u2013 1<\/strong> <strong>Racing<\/strong> (Priscila Lara)<\/p>\n<p><strong>Hinojo<\/strong> (Mar\u00eda Arouxet, Marisol Diorio, Laura Garc\u00eda -2- y Romina Cebrero)<strong>\u00a06 \u2013 0<\/strong> <strong>Colonias y Cerros<\/strong><\/p>\n<p>Libre: Municipales B.<\/p>\n<p>&nbsp;<\/p>\n<p><img data-recalc-dims=\"1\" loading=\"lazy\" decoding=\"async\" class=\"aligncenter wp-image-39906 size-full\" src=\"https:\/\/i0.wp.com\/centraldeportes.com.ar\/wp-content\/uploads\/2023\/08\/Femenino-Posiciones-3%C2%AA-Fecha.png?resize=786%2C530\" alt=\"\" width=\"786\" height=\"530\" \/><\/p>\n<p>&nbsp;<\/p>\n<h6>Sub 16<\/h6>\n<p>Ferro Carril Sud <strong>2 \u2013 3<\/strong> Municipales<\/p>\n<p>Estudiantes<strong> 6 \u2013 0<\/strong> Sierra Chica<\/p>\n<p>El Fort\u00edn <strong>0 \u2013 12<\/strong> Racing<\/p>\n<p>&nbsp;<\/p>\n<p><img data-recalc-dims=\"1\" loading=\"lazy\" decoding=\"async\" class=\"aligncenter size-full wp-image-39957\" src=\"https:\/\/i0.wp.com\/centraldeportes.com.ar\/wp-content\/uploads\/2023\/08\/1%C2%B0-fecha-Clausura.png?resize=788%2C330\" alt=\"\" width=\"788\" height=\"330\" \/><\/p>\n<p>&nbsp;<\/p>\n<h6>Sub 14<\/h6>\n<p>Estudiantes <strong>1 \u2013 3<\/strong> Municipales<\/p>\n<p>Embajadores <strong>2 \u2013 0<\/strong> Sierra Chica<\/p>\n<p>El Fort\u00edn <strong>0 \u2013 4<\/strong> Racing<\/p>\n<p>&nbsp;<\/p>\n<p><img data-recalc-dims=\"1\" loading=\"lazy\" decoding=\"async\" class=\"aligncenter size-full wp-image-39958\" src=\"https:\/\/i0.wp.com\/centraldeportes.com.ar\/wp-content\/uploads\/2023\/08\/1%C2%B0-fecha-Clausura-1.png?resize=788%2C326\" alt=\"\" width=\"788\" height=\"326\" \/><\/p>\n<p>&nbsp;<\/p>\n<h6>Sub 12<\/h6>\n<p>Ferro Carril Sud <strong>0 \u2013 0<\/strong> Municipales<\/p>\n<p>Embajadores <strong>2 \u2013 2<\/strong> Estudiantes<\/p>\n<p>El Fort\u00edn<strong> 0 \u2013 2<\/strong> Racing Azul<\/p>\n","protected":false},"excerpt":{"rendered":"<p>La divisional mayor tach\u00f3 la 3\u00b0 fecha del campeonato, mientras que las Formativas arrancaron el nuevo certamen en terreno \u201cBataraz\u201d.<\/p>\n","protected":false},"author":96739694,"featured_media":156825,"comment_status":"closed","ping_status":"closed","sticky":false,"template":"","format":"standard","meta":{"_jetpack_memberships_contains_paid_content":false,"footnotes":""},"categories":[47,35,1],"tags":[],"class_list":["post-137295","post","type-post","status-publish","format-standard","has-post-thumbnail","hentry","category-femenino","category-futbol","category-portada"],"jetpack_featured_media_url":"https:\/\/i0.wp.com\/cdnoticias.com\/wp-content\/uploads\/2023\/08\/futbol-fem-1.jpeg?fit=1280%2C854&ssl=1","jetpack_sharing_enabled":true,"_links":{"self":[{"href":"https:\/\/cdnoticias.com\/index.php\/wp-json\/wp\/v2\/posts\/137295","targetHints":{"allow":["GET"]}}],"collection":[{"href":"https:\/\/cdnoticias.com\/index.php\/wp-json\/wp\/v2\/posts"}],"about":[{"href":"https:\/\/cdnoticias.com\/index.php\/wp-json\/wp\/v2\/types\/post"}],"author":[{"embeddable":true,"href":"https:\/\/cdnoticias.com\/index.php\/wp-json\/wp\/v2\/users\/96739694"}],"replies":[{"embeddable":true,"href":"https:\/\/cdnoticias.com\/index.php\/wp-json\/wp\/v2\/comments?post=137295"}],"version-history":[{"count":0,"href":"https:\/\/cdnoticias.com\/index.php\/wp-json\/wp\/v2\/posts\/137295\/revisions"}],"wp:featuredmedia":[{"embeddable":true,"href":"https:\/\/cdnoticias.com\/index.php\/wp-json\/wp\/v2\/media\/156825"}],"wp:attachment":[{"href":"https:\/\/cdnoticias.com\/index.php\/wp-json\/wp\/v2\/media?parent=137295"}],"wp:term":[{"taxonomy":"category","embeddable":true,"href":"https:\/\/cdnoticias.com\/index.php\/wp-json\/wp\/v2\/categories?post=137295"},{"taxonomy":"post_tag","embeddable":true,"href":"https:\/\/cdnoticias.com\/index.php\/wp-json\/wp\/v2\/tags?post=137295"}],"curies":[{"name":"wp","href":"https:\/\/api.w.org\/{rel}","templated":true}]}}