{"id":137279,"date":"2023-08-07T19:14:00","date_gmt":"2023-08-07T22:14:00","guid":{"rendered":"http:\/\/centraldeportes.com.ar\/?p=39823"},"modified":"2025-02-11T20:50:06","modified_gmt":"2025-02-11T23:50:06","slug":"juegos-bonaerenses-2023-varios-olavarrienses-lograron-el-boleto-a-la-final-provincial","status":"publish","type":"post","link":"https:\/\/cdnoticias.com\/index.php\/2023\/08\/07\/juegos-bonaerenses-2023-varios-olavarrienses-lograron-el-boleto-a-la-final-provincial\/","title":{"rendered":"Juegos Bonaerenses 2023: varios olavarrienses lograron el boleto a la final provincial"},"content":{"rendered":"<p>En los \u00faltimos d\u00edas, distintos deportistas locales retomaron la actividad en la etapa regional de la competencia y clasificaron a las instancias decisivas que tendr\u00e1n lugar en Mar del Plata.<!--more--><\/p>\n<hr \/>\n<p>Las etapas clasificatorias de los<strong> Juegos Bonaerenses<\/strong> entraron en la \u00faltima semana de competencia y ya son varios los representantes olavarrienses de diferentes disciplinas que consiguieron el boleto a las finales provinciales de septiembre en \u201cLa Feliz\u201d.<\/p>\n<p>&nbsp;<\/p>\n<p>Por un lado, en Badminton Sub 16, <strong>Mateo Alonso y Patricia Bravo<\/strong> se quedaron con la competencia disputada en Rauch, mientras que <strong>Luciano Orchini<\/strong> logr\u00f3 clasific\u00f3 en Deportes electr\u00f3nicos (FIFA).<\/p>\n<p>&nbsp;<\/p>\n<p>Olavarr\u00eda tambi\u00e9n tendr\u00e1 representante en Tiro y uno de ellos ser\u00e1 <strong>Valentino Rossi<\/strong>, quien en la edici\u00f3n 2022 cosech\u00f3 la medalla de oro y adem\u00e1s est\u00e1 clasificado a los Juegos Nacionales Evita. Tambi\u00e9n en Sub 15, pero en la rama femenina, clasific\u00f3 <strong>Victoria Olivera<\/strong>.<\/p>\n<p>&nbsp;<\/p>\n<p><img data-recalc-dims=\"1\" loading=\"lazy\" decoding=\"async\" class=\"aligncenter size-large wp-image-39824\" src=\"https:\/\/i0.wp.com\/centraldeportes.com.ar\/wp-content\/uploads\/2023\/08\/Juegos-Bonaerenses-clasificados-regionales1-1024x683.jpg?resize=800%2C534\" alt=\"\" width=\"800\" height=\"534\" \/><\/p>\n<p>&nbsp;<\/p>\n<p>Por otra parte, el Club Estudiantes fue sede de la etapa regional de Hockey Sub 16. All\u00ed, el equipo \u201cBataraz\u201d derrot\u00f3 a Las Flores y enfrentar\u00e1n a Azul. De tal instancia tambi\u00e9n participaron elencos de 25 de Mayo y Bol\u00edvar. Asimismo, el equipo local Sub 18 tambi\u00e9n accedi\u00f3 a la definici\u00f3n luego de vencer a Saladillo y 25 de Mayo en cuartos de final y semifinales respectivamente.<\/p>\n<p>&nbsp;<\/p>\n<p>En Bol\u00edvar se llev\u00f3 adelante la competencia de Beach V\u00f3ley, donde la dupla olavarriense integrada por <strong>Domina y Ferraiuelo<\/strong> se impuso en la categor\u00eda Sub 16 y consigui\u00f3 su presencia en la ciudad balnearia.<\/p>\n<h6><\/h6>\n<p>&nbsp;<\/p>\n<h6><strong>Juegos Nacionales Evita<\/strong><\/h6>\n<p>En el Minigimnasio \u201cBataraz\u201d se llev\u00f3 adelante el interregional de V\u00f3ley, donde las locales vencieron a Marcos Paz en sets corridos y contin\u00faan en camino en la divisional Sub 15. En Sub 17 tambi\u00e9n fue festejo olavarriense, pero a trav\u00e9s de Pueblo Nuevo que tambi\u00e9n se impuso ante Marcos Paz en sets consecutivos.<\/p>\n<p>&nbsp;<\/p>\n<p><em><strong>Fuente: Prensa Municipio.<\/strong><\/em><\/p>\n","protected":false},"excerpt":{"rendered":"<p>En los \u00faltimos d\u00edas, distintos deportistas locales retomaron la actividad en la etapa regional de la competencia y clasificaron a<\/p>\n","protected":false},"author":96739694,"featured_media":156738,"comment_status":"closed","ping_status":"closed","sticky":false,"template":"","format":"standard","meta":{"_jetpack_memberships_contains_paid_content":false,"footnotes":""},"categories":[30,1],"tags":[],"class_list":["post-137279","post","type-post","status-publish","format-standard","has-post-thumbnail","hentry","category-polideportivo","category-portada"],"jetpack_featured_media_url":"https:\/\/i0.wp.com\/cdnoticias.com\/wp-content\/uploads\/2023\/08\/Juegos-Bonaerenses-clasificados-regionales-e1691446400279.jpeg?fit=1772%2C1080&ssl=1","jetpack_sharing_enabled":true,"_links":{"self":[{"href":"https:\/\/cdnoticias.com\/index.php\/wp-json\/wp\/v2\/posts\/137279","targetHints":{"allow":["GET"]}}],"collection":[{"href":"https:\/\/cdnoticias.com\/index.php\/wp-json\/wp\/v2\/posts"}],"about":[{"href":"https:\/\/cdnoticias.com\/index.php\/wp-json\/wp\/v2\/types\/post"}],"author":[{"embeddable":true,"href":"https:\/\/cdnoticias.com\/index.php\/wp-json\/wp\/v2\/users\/96739694"}],"replies":[{"embeddable":true,"href":"https:\/\/cdnoticias.com\/index.php\/wp-json\/wp\/v2\/comments?post=137279"}],"version-history":[{"count":0,"href":"https:\/\/cdnoticias.com\/index.php\/wp-json\/wp\/v2\/posts\/137279\/revisions"}],"wp:featuredmedia":[{"embeddable":true,"href":"https:\/\/cdnoticias.com\/index.php\/wp-json\/wp\/v2\/media\/156738"}],"wp:attachment":[{"href":"https:\/\/cdnoticias.com\/index.php\/wp-json\/wp\/v2\/media?parent=137279"}],"wp:term":[{"taxonomy":"category","embeddable":true,"href":"https:\/\/cdnoticias.com\/index.php\/wp-json\/wp\/v2\/categories?post=137279"},{"taxonomy":"post_tag","embeddable":true,"href":"https:\/\/cdnoticias.com\/index.php\/wp-json\/wp\/v2\/tags?post=137279"}],"curies":[{"name":"wp","href":"https:\/\/api.w.org\/{rel}","templated":true}]}}