{"id":137277,"date":"2023-08-07T17:10:31","date_gmt":"2023-08-07T20:10:31","guid":{"rendered":"http:\/\/centraldeportes.com.ar\/?p=39805"},"modified":"2025-02-11T20:50:11","modified_gmt":"2025-02-11T23:50:11","slug":"inaki-lardapide-e-ivan-leal-ya-entrenan-con-nuevos-equipos","status":"publish","type":"post","link":"https:\/\/cdnoticias.com\/index.php\/2023\/08\/07\/inaki-lardapide-e-ivan-leal-ya-entrenan-con-nuevos-equipos\/","title":{"rendered":"I\u00f1aki Lardapide e Iv\u00e1n Leal ya entrenan con nuevos equipos"},"content":{"rendered":"<p>Nuevos destinos fueron confirmados recientemente para nuevos deportistas olavarrienses en la previa del comienzo del Torneo Pre-Federal.<!--more--><\/p>\n<hr \/>\n<p>Iv\u00e1n Leal e I\u00f1aki Lardapide arreglaron condiciones con nuevos clubes y ya sumaron sus primeros entrenamientos de cara la competencia provincial en diferentes puntos del pa\u00eds.<\/p>\n<p>&nbsp;<\/p>\n<p>Leal, con pasado reciente en Racing, se sum\u00f3 al Club Jacobo Urso de Saladillo, equipo que participar\u00e1 del Torneo Pre-Federal y en el transcurso del fin de semana, sum\u00f3 sus primeros minutos en un cotejo amistoso ante Lan\u00fas.<\/p>\n<p>&nbsp;<\/p>\n<p>Por otro lado, Lardapide que jug\u00f3 la \u00faltima edici\u00f3n de la Liga Federal en Trebolense jugar\u00e1 el Torneo Pre-Federal de C\u00f3rdoba en Asociaci\u00f3n El Ceibo.<\/p>\n","protected":false},"excerpt":{"rendered":"<p>Nuevos destinos fueron confirmados recientemente para nuevos deportistas olavarrienses en la previa del comienzo del Torneo Pre-Federal.<\/p>\n","protected":false},"author":96739694,"featured_media":156744,"comment_status":"closed","ping_status":"closed","sticky":false,"template":"","format":"standard","meta":{"_jetpack_memberships_contains_paid_content":false,"footnotes":""},"categories":[31,1,60],"tags":[],"class_list":["post-137277","post","type-post","status-publish","format-standard","has-post-thumbnail","hentry","category-basquet","category-portada","category-torneo-pre-federal"],"jetpack_featured_media_url":"https:\/\/i0.wp.com\/cdnoticias.com\/wp-content\/uploads\/2023\/08\/WhatsApp-Image-2023-08-04-at-21.11.39-1-e1691439009710.jpeg?fit=720%2C463&ssl=1","jetpack_sharing_enabled":true,"_links":{"self":[{"href":"https:\/\/cdnoticias.com\/index.php\/wp-json\/wp\/v2\/posts\/137277","targetHints":{"allow":["GET"]}}],"collection":[{"href":"https:\/\/cdnoticias.com\/index.php\/wp-json\/wp\/v2\/posts"}],"about":[{"href":"https:\/\/cdnoticias.com\/index.php\/wp-json\/wp\/v2\/types\/post"}],"author":[{"embeddable":true,"href":"https:\/\/cdnoticias.com\/index.php\/wp-json\/wp\/v2\/users\/96739694"}],"replies":[{"embeddable":true,"href":"https:\/\/cdnoticias.com\/index.php\/wp-json\/wp\/v2\/comments?post=137277"}],"version-history":[{"count":0,"href":"https:\/\/cdnoticias.com\/index.php\/wp-json\/wp\/v2\/posts\/137277\/revisions"}],"wp:featuredmedia":[{"embeddable":true,"href":"https:\/\/cdnoticias.com\/index.php\/wp-json\/wp\/v2\/media\/156744"}],"wp:attachment":[{"href":"https:\/\/cdnoticias.com\/index.php\/wp-json\/wp\/v2\/media?parent=137277"}],"wp:term":[{"taxonomy":"category","embeddable":true,"href":"https:\/\/cdnoticias.com\/index.php\/wp-json\/wp\/v2\/categories?post=137277"},{"taxonomy":"post_tag","embeddable":true,"href":"https:\/\/cdnoticias.com\/index.php\/wp-json\/wp\/v2\/tags?post=137277"}],"curies":[{"name":"wp","href":"https:\/\/api.w.org\/{rel}","templated":true}]}}