{"id":137274,"date":"2023-08-06T22:18:30","date_gmt":"2023-08-07T01:18:30","guid":{"rendered":"http:\/\/centraldeportes.com.ar\/?p=39794"},"modified":"2025-02-11T20:50:18","modified_gmt":"2025-02-11T23:50:18","slug":"los-festejos-del-campeon-galeria-de-imagenes","status":"publish","type":"post","link":"https:\/\/cdnoticias.com\/index.php\/2023\/08\/06\/los-festejos-del-campeon-galeria-de-imagenes\/","title":{"rendered":"Los festejos del campe\u00f3n: galer\u00eda de im\u00e1genes"},"content":{"rendered":"<p>Embajadores gole\u00f3 a Municipales en el duelo revancha de la definici\u00f3n y se coron\u00f3 campe\u00f3n del Torneo Interligas 2023. Cerr\u00f3 el torneo invicto en su cancha, donde dio la vuelta ol\u00edmpica.<!--more--><\/p>\n<hr \/>\n<p>Por segundo a\u00f1o consecutivo, el trofeo de la Uni\u00f3n Deportiva Regional se qued\u00f3 en suelo olavarriense con la consagraci\u00f3n de <strong>Embajadores<\/strong>.<\/p>\n<p>&nbsp;<\/p>\n<p>El <a href=\"http:\/\/centraldeportes.com.ar\/embajadores-es-el-campeon-del-torneo-union-deportiva-regional-2023\/\">CEO gole\u00f3 como local 3 a 0 a Municipales<\/a>, revirti\u00f3 el global 4 a 2 y capitaliz\u00f3 una nueva final en su joven historia. Fue el mejor entre los cuarenta y tres equipos que comenzaron la competencia en febrero pasado.<\/p>\n<p>&nbsp;<\/p>\n<p>[soliloquy id=&#8221;39730&#8243;]<\/p>\n<p>&nbsp;<\/p>\n<p>Tras el pitazo final, la euforia se desat\u00f3 en todo el plantel local que <strong>festej\u00f3 el t\u00edtulo con su gente y en su casa, donde<\/strong> <strong>permaneci\u00f3 invicto durante todo certamen<\/strong>.<\/p>\n<p>&nbsp;<\/p>\n<p>Otra copa m\u00e1s que se sum\u00f3 a la vitrina de la entidad ubicada en avenida Avellaneda, con el plus de jerarqu\u00eda regional.<\/p>\n","protected":false},"excerpt":{"rendered":"<p>Embajadores gole\u00f3 a Municipales en el duelo revancha de la definici\u00f3n y se coron\u00f3 campe\u00f3n del Torneo Interligas 2023. Cerr\u00f3<\/p>\n","protected":false},"author":96739694,"featured_media":156753,"comment_status":"closed","ping_status":"closed","sticky":false,"template":"","format":"standard","meta":{"_jetpack_memberships_contains_paid_content":false,"footnotes":""},"categories":[35,1,41],"tags":[],"class_list":["post-137274","post","type-post","status-publish","format-standard","has-post-thumbnail","hentry","category-futbol","category-portada","category-primera-y-reserva"],"jetpack_featured_media_url":"https:\/\/i0.wp.com\/cdnoticias.com\/wp-content\/uploads\/2023\/08\/festejos-6.jpeg?fit=1600%2C1067&ssl=1","jetpack_sharing_enabled":true,"_links":{"self":[{"href":"https:\/\/cdnoticias.com\/index.php\/wp-json\/wp\/v2\/posts\/137274","targetHints":{"allow":["GET"]}}],"collection":[{"href":"https:\/\/cdnoticias.com\/index.php\/wp-json\/wp\/v2\/posts"}],"about":[{"href":"https:\/\/cdnoticias.com\/index.php\/wp-json\/wp\/v2\/types\/post"}],"author":[{"embeddable":true,"href":"https:\/\/cdnoticias.com\/index.php\/wp-json\/wp\/v2\/users\/96739694"}],"replies":[{"embeddable":true,"href":"https:\/\/cdnoticias.com\/index.php\/wp-json\/wp\/v2\/comments?post=137274"}],"version-history":[{"count":0,"href":"https:\/\/cdnoticias.com\/index.php\/wp-json\/wp\/v2\/posts\/137274\/revisions"}],"wp:featuredmedia":[{"embeddable":true,"href":"https:\/\/cdnoticias.com\/index.php\/wp-json\/wp\/v2\/media\/156753"}],"wp:attachment":[{"href":"https:\/\/cdnoticias.com\/index.php\/wp-json\/wp\/v2\/media?parent=137274"}],"wp:term":[{"taxonomy":"category","embeddable":true,"href":"https:\/\/cdnoticias.com\/index.php\/wp-json\/wp\/v2\/categories?post=137274"},{"taxonomy":"post_tag","embeddable":true,"href":"https:\/\/cdnoticias.com\/index.php\/wp-json\/wp\/v2\/tags?post=137274"}],"curies":[{"name":"wp","href":"https:\/\/api.w.org\/{rel}","templated":true}]}}