{"id":137270,"date":"2023-08-06T20:47:24","date_gmt":"2023-08-06T23:47:24","guid":{"rendered":"http:\/\/centraldeportes.com.ar\/?p=39724"},"modified":"2025-02-11T20:50:22","modified_gmt":"2025-02-11T23:50:22","slug":"embajadores-es-el-campeon-del-torneo-union-deportiva-regional-2023","status":"publish","type":"post","link":"https:\/\/cdnoticias.com\/index.php\/2023\/08\/06\/embajadores-es-el-campeon-del-torneo-union-deportiva-regional-2023\/","title":{"rendered":"Embajadores es el campe\u00f3n del Torneo Uni\u00f3n Deportiva Regional 2023"},"content":{"rendered":"<p>El CEO encontr\u00f3 las emociones en el complemento, derrot\u00f3 3 a 0 a Municipales y logr\u00f3 revertir el resultado global para quedarse con el t\u00edtulo del Interligas. Fue otra fiesta del f\u00fatbol en el \u201cTete\u201d Di Carlo, digna de una definici\u00f3n.<!--more--><\/p>\n<hr \/>\n<p>Un imponente marco de p\u00fablico, con cifras de m\u00e1s de mil personas,\u00a0 se acercaron este domingo por la tarde a las inmediaciones del Clemente Di Carlo para vivir los restantes noventa minutos de la final entre <strong>Embajadores y Municipales<\/strong>, que lleg\u00f3 al sint\u00e9tico con la m\u00ednima ventaja en el bolsillo <a href=\"http:\/\/centraldeportes.com.ar\/triunfazo-municipal-en-el-domingo-colasurdo\/\">tras el 2 \u2013 1 de la ida<\/a>.<\/p>\n<p>&nbsp;<\/p>\n<p>No obstante, <strong>con goles de Emiliano Vistalli en contra, Nicol\u00e1s Daffara y Juan Manuel \u00c1lvarez, el CEO concret\u00f3 la superioridad en el segundo tiempo, \u00a0derrot\u00f3 3 a 0 al conjunto del sindicato<\/strong> y con el favorable <strong>global de 4 a 2<\/strong> sum\u00f3 una nueva estrella a su escudo, esta vez con tinte Regional. Los de \u201cFatiga\u201d terminaron con nueve tras las expulsiones de Alen Leal y Franco Janson, mientras que en el local vio la roja Nahuel Moro.<\/p>\n<p>&nbsp;<\/p>\n<h6><strong>El partido, los detalles<\/strong><\/h6>\n<p>&nbsp;<\/p>\n<p>Con un buen despliegue t\u00e1ctico, Municipales se perfil\u00f3 con comodidad en el sint\u00e9tico y pr\u00e1cticamente hasta la primera media hora de partido no dej\u00f3 que Embajadores se haga amo y due\u00f1o de la pelota. Apenas algunas aproximaciones por lado con disparos de Janson a los 15\u2019 y Di Bello un minuto despu\u00e9s empezaron a te\u00f1ir de entretenimiento el segundo partido de la definici\u00f3n olavarriense.<\/p>\n<p>&nbsp;<\/p>\n<p>El CEO se acomod\u00f3 en el mediocampo pasados los 30\u2019, el bal\u00f3n empez\u00f3 a pasar m\u00e1s por los pies de \u00c1lvarez, Bortolotti y Areco, que a los 34\u2019 sac\u00f3 un peligroso remate de media distancia que pas\u00f3 apenas cerca de los postes. Ante tal acci\u00f3n los dirigidos por \u201cFatiga\u201d poco a poco se fueron replegando en su terreno y quedaron perfilados para contragolpear. En paralelo, la \u00faltima peligrosa de la primera mitad la tuvo \u00c1lvarez a los 43\u2019, con un zurdazo desde afuera del \u00e1rea que hizo estirar a Bahl. Control\u00f3 bien el \u201c1\u201d.<\/p>\n<p>&nbsp;<\/p>\n<p>Durante el entretiempo y varias veces en el complemento, la tribuna de Municipales despleg\u00f3 una bandera con un particular reclamo hacia la Liga de F\u00fatbol de Olavarr\u00eda bajo el mensaje \u201c<strong><em>Los sindicalistas no tienen lugar en la Liga de F\u00fatbol<\/em><\/strong>\u201d.<\/p>\n<p>&nbsp;<\/p>\n<p>[soliloquy id=&#8221;39745&#8243;]<\/p>\n<p>&nbsp;<\/p>\n<p>El dominio local permaneci\u00f3 latente durante el segundo tiempo, que en l\u00edneas generales fue todo de Embajadores. Lo acorral\u00f3 a Municipales, pero no pudo entrarle por ning\u00fan lado porque todo lo que lleg\u00f3 fue rechazado por los centrales. \u201cFatiga\u201d busc\u00f3 m\u00e1s din\u00e1mica arriba y mand\u00f3 a la cancha a Bianciotto, que a los 58\u2019 habilit\u00f3 a Janson y de no ser por Barrag\u00e1n pudo haber sido festejo para la visita.<\/p>\n<p>&nbsp;<\/p>\n<h6><strong>El ingreso de Rojas fue clave en el CEO<\/strong><\/h6>\n<p>Bilbao movi\u00f3 el banco y mand\u00f3 a la cancha a \u201cLuli\u201d y el \u201cChiqui\u201d G\u00f3mez, dos cambios ofensivos para intentar llegar al gol. Y as\u00ed se dio a los 65\u2019. <strong>La arm\u00f3 toda el ex delantero de Racing que se meti\u00f3 en el \u00e1rea por izquierda, sac\u00f3 la definici\u00f3n y en el intento de rechazar, Emiliano Vistalli la termin\u00f3 empujando hacia su propia valla<\/strong>.<\/p>\n<p>&nbsp;<\/p>\n<p>Tres minutos m\u00e1s tarde, <strong>Lareu se la rob\u00f3 a De Arzave, centr\u00f3 bajo al primer palo y anticip\u00f3 Nicol\u00e1s Daffara, quien con una sutil definici\u00f3n la cambi\u00f3 de palo y anot\u00f3 el segundo tanto de la tarde<\/strong> desatando toda la euforia del banco y la hinchada local.<\/p>\n<p>&nbsp;<\/p>\n<p><strong>Municipales<\/strong> sinti\u00f3 los dos mazazos y se encontr\u00f3 sin respuestas para esbozar la reacci\u00f3n y buscar el gol que lo llevara a los penales. Para colmo en menos de diez minutos<strong> se qued\u00f3 con diez jugadores en cancha por las expulsiones directas de Alen Leal y Franco Janson a los 79\u2019 y 84\u2019 respectivamente.<\/strong><\/p>\n<p>&nbsp;<\/p>\n<p>La superioridad num\u00e9rica dio espacios y eso lo aprovech\u00f3 Embajadores para concretar la goleada definitiva. Corr\u00edan 91\u2019 en el cron\u00f3metro. <strong>Rojas cedi\u00f3 para \u201cJuanma\u201d \u00c1lvarez que busc\u00f3 por el sector izquierdo y defini\u00f3 con comodidad al primer palo de Bahl para el tercer grito de la tarde en el sint\u00e9tico.<\/strong><\/p>\n<p>&nbsp;<\/p>\n<p><strong>S\u00edntesis Embajadores \u2013 Municipales: \u00a0<\/strong><\/p>\n<p><strong>Embajadores (3):<\/strong> Maximiliano Barrag\u00e1n; Bruno Di Bello, Lautaro Sasali (E. G\u00f3mez), Federico Sacher, Nahuel Moro; Nicol\u00e1s Lareu (J. Lamas), Juan Cruz Areco, Braian Bortolotti, Juan Manuel \u00c1lvarez (R. Novas); Nicol\u00e1s Daffara (F. Fern\u00e1ndez) y Santino Sacchi (L. Rojas). DT: Luciano Bilbao.<\/p>\n<p><strong>Municipales (0): <\/strong>Gonzalo Bahl; Alexander Rubio, Sergio De Arzave, Carlos Ruschetti, Emiliano Vistalli; Mart\u00edn Wilt (A. Baldini), Alen Leal, Franco Janson, Claudio Gim\u00e9nez; Agust\u00edn M\u00e9ndez (A. Bianciotto) y Joaqu\u00edn Stular. DT: Francisco Russo.<\/p>\n<p><strong>Goles<\/strong>: 20m. ST Emiliano Vistalli e\/c, 23m. ST Nicol\u00e1s Daffara y 45m. (+1) ST Juan Manuel \u00c1lvarez (CEO).<\/p>\n<p><strong>Amonestados<\/strong>: Sasali, Di Bello, Areco y \u00c1lvarez (Embajadores); Gim\u00e9nez, Stular y Bianciotto (Municipales).<\/p>\n<p><strong>Expulsados<\/strong>: 34m. ST Alen Leal (M), 39m. ST Franco Janson (M) y 45m. (+2) ST Nahuel Moro (CEO).<\/p>\n<p><strong>\u00c1rbitro<\/strong>: Nicol\u00e1s Moreno. <strong>Estadio<\/strong>: Clemente \u201cTete\u201d Di Carlo.<\/p>\n","protected":false},"excerpt":{"rendered":"<p>El CEO encontr\u00f3 las emociones en el complemento, derrot\u00f3 3 a 0 a Municipales y logr\u00f3 revertir el resultado global<\/p>\n","protected":false},"author":96739694,"featured_media":156760,"comment_status":"closed","ping_status":"closed","sticky":false,"template":"","format":"standard","meta":{"_jetpack_memberships_contains_paid_content":false,"footnotes":""},"categories":[35,1,41],"tags":[],"class_list":["post-137270","post","type-post","status-publish","format-standard","has-post-thumbnail","hentry","category-futbol","category-portada","category-primera-y-reserva"],"jetpack_featured_media_url":"https:\/\/i0.wp.com\/cdnoticias.com\/wp-content\/uploads\/2023\/08\/festejos-5.jpeg?fit=1500%2C1000&ssl=1","jetpack_sharing_enabled":true,"_links":{"self":[{"href":"https:\/\/cdnoticias.com\/index.php\/wp-json\/wp\/v2\/posts\/137270","targetHints":{"allow":["GET"]}}],"collection":[{"href":"https:\/\/cdnoticias.com\/index.php\/wp-json\/wp\/v2\/posts"}],"about":[{"href":"https:\/\/cdnoticias.com\/index.php\/wp-json\/wp\/v2\/types\/post"}],"author":[{"embeddable":true,"href":"https:\/\/cdnoticias.com\/index.php\/wp-json\/wp\/v2\/users\/96739694"}],"replies":[{"embeddable":true,"href":"https:\/\/cdnoticias.com\/index.php\/wp-json\/wp\/v2\/comments?post=137270"}],"version-history":[{"count":0,"href":"https:\/\/cdnoticias.com\/index.php\/wp-json\/wp\/v2\/posts\/137270\/revisions"}],"wp:featuredmedia":[{"embeddable":true,"href":"https:\/\/cdnoticias.com\/index.php\/wp-json\/wp\/v2\/media\/156760"}],"wp:attachment":[{"href":"https:\/\/cdnoticias.com\/index.php\/wp-json\/wp\/v2\/media?parent=137270"}],"wp:term":[{"taxonomy":"category","embeddable":true,"href":"https:\/\/cdnoticias.com\/index.php\/wp-json\/wp\/v2\/categories?post=137270"},{"taxonomy":"post_tag","embeddable":true,"href":"https:\/\/cdnoticias.com\/index.php\/wp-json\/wp\/v2\/tags?post=137270"}],"curies":[{"name":"wp","href":"https:\/\/api.w.org\/{rel}","templated":true}]}}