{"id":137261,"date":"2023-08-04T21:23:52","date_gmt":"2023-08-05T00:23:52","guid":{"rendered":"http:\/\/centraldeportes.com.ar\/?p=39619"},"modified":"2025-02-11T20:47:32","modified_gmt":"2025-02-11T23:47:32","slug":"federal-a-la-24-fecha-tuvo-presencia-local-completa","status":"publish","type":"post","link":"https:\/\/cdnoticias.com\/index.php\/2023\/08\/04\/federal-a-la-24-fecha-tuvo-presencia-local-completa\/","title":{"rendered":"Federal A: la 24\u00b0 fecha tuvo presencia local completa"},"content":{"rendered":"<p>El tercer escal\u00f3n del f\u00fatbol argentino celebr\u00f3 entre semana una nueva fecha del campeonato y hubo festejos para C\u00edrculo, Santamarina, Olimpo y Douglas Haig.<!--more--><\/p>\n<hr \/>\n<p>El pasado mi\u00e9rcoles, la categor\u00eda de ascenso para clubes del interior disput\u00f3 de manera \u00edntegra la <strong>24\u00b0 fecha del torneo<\/strong>. Hubo nuevo choque entre olavarrienses y de los siete presentes, <strong>cinco fueron titulares<\/strong>.<\/p>\n<p>&nbsp;<\/p>\n<p>Por un lado, en el estadio Luis Molina de General Cerri, C\u00edrculo Deportivo de Nicanor Otamendi derrot\u00f3 a domicilio 2 a 1 a Sansinena con <strong>Diego San Juli\u00e1n<\/strong> desde el arranque en el once titular y cort\u00f3 una racha de nueve partidos sin conocer la victoria. Adem\u00e1s, en el \u201cTripero\u201d fueron titulares los defensores locales <strong>Facundo Wiechniak y Leonardo Vitale<\/strong>.<\/p>\n<p>&nbsp;<\/p>\n<figure id=\"attachment_39624\" aria-describedby=\"caption-attachment-39624\" style=\"width: 800px\" class=\"wp-caption aligncenter\"><img data-recalc-dims=\"1\" loading=\"lazy\" decoding=\"async\" class=\"wp-image-39624 size-large\" src=\"https:\/\/i0.wp.com\/centraldeportes.com.ar\/wp-content\/uploads\/2023\/08\/Quimey-Mar%C3%ADn-Santamarina-24%C2%B0-fecha-1024x668.jpg?resize=800%2C522\" alt=\"\" width=\"800\" height=\"522\" \/><figcaption id=\"caption-attachment-39624\" class=\"wp-caption-text\">Cr\u00e9dito: Prensa Santamarina<\/figcaption><\/figure>\n<p>&nbsp;<\/p>\n<p>En paralelo y por la misma Zona, Santamarina recibi\u00f3 a Germinal de Rawson en el estadio General San Mart\u00edn y se impuso 3 a 0. <strong>Quimey Mar\u00edn<\/strong> comenz\u00f3 el partido en el banco de suplentes del \u201cSanta\u201d, pero luego ingres\u00f3 por Enzo Galabert y tuvo algunos minutos.<\/p>\n<p>&nbsp;<\/p>\n<p>El puntero de la Zona, Olimpo, se hizo fuerte en el Alejandro P\u00e9rez, venci\u00f3 3 a 1 a Liniers y acumula cinco partidos sin ca\u00eddas. En el \u201cAurinegro\u201d, <strong>Nadir Hadad<\/strong> form\u00f3 parte de las variantes e ingres\u00f3 a los 30\u2019 del segundo tiempo por Juan Perotti.<\/p>\n<p>&nbsp;<\/p>\n<figure id=\"attachment_39623\" aria-describedby=\"caption-attachment-39623\" style=\"width: 800px\" class=\"wp-caption aligncenter\"><img data-recalc-dims=\"1\" loading=\"lazy\" decoding=\"async\" class=\"wp-image-39623 size-large\" src=\"https:\/\/i0.wp.com\/centraldeportes.com.ar\/wp-content\/uploads\/2023\/08\/Nadir-Hadad-Olimpo-24%C2%B0-fecha-1024x667.jpg?resize=800%2C521\" alt=\"\" width=\"800\" height=\"521\" \/><figcaption id=\"caption-attachment-39623\" class=\"wp-caption-text\">Cr\u00e9dito: Olimpo Oficial<\/figcaption><\/figure>\n<p>&nbsp;<\/p>\n<p>Por el lado de la Zona B, Ciudad de Bol\u00edvar viaj\u00f3 hasta Mendoza para afrontar su compromiso contra el \u201cChacarero\u201d. All\u00ed, el duelo disputado en el Libertador General San Mart\u00edn termin\u00f3 igualado 1 a 1 y tuvo a <strong>Alfredo Troncoso<\/strong> jugando desde el arranque para \u201cLas \u00c1guilas\u201d. Tiempo despu\u00e9s, el atacante ex Ferro sali\u00f3 reemplazado a los 50\u2019 por Javier Sequeyra.<\/p>\n<p>&nbsp;<\/p>\n<p>M\u00e1s all\u00e1 del empate, el \u201cCeleste\u201d sigue contin\u00faa puntero del grupo y le saca un punto de diferencia a Argentino de Monte Ma\u00edz. Adem\u00e1s, bajo la misma zona, Juventud Unida de <strong>\u201cNico\u201d Serantes (AC) y Mat\u00edas Gonz\u00e1lez (PF)<\/strong> venci\u00f3 2 a 1 a Sportivo Pe\u00f1arol y regres\u00f3 a la senda del triunfo luego de tres cotejos.<\/p>\n<p>&nbsp;<\/p>\n<figure id=\"attachment_39622\" aria-describedby=\"caption-attachment-39622\" style=\"width: 800px\" class=\"wp-caption aligncenter\"><img data-recalc-dims=\"1\" loading=\"lazy\" decoding=\"async\" class=\"wp-image-39622 size-large\" src=\"https:\/\/i0.wp.com\/centraldeportes.com.ar\/wp-content\/uploads\/2023\/08\/Agust%C3%ADn-Osinaga-Douglas-24%C2%B0-fecha-1024x647.jpg?resize=800%2C505\" alt=\"\" width=\"800\" height=\"505\" \/><figcaption id=\"caption-attachment-39622\" class=\"wp-caption-text\">Cr\u00e9dito: Club Atl\u00e9tico Douglas Haig<\/figcaption><\/figure>\n<p>&nbsp;<\/p>\n<p>El que volvi\u00f3 a ganar y sigue en lo m\u00e1s alto es Douglas Haig, que se impuso 1 a 0 ante Sportivo Belgrano en Pergamino y lleg\u00f3 a los 48 puntos en la Zona C. El defensor olavarriense <strong>Agust\u00edn Osinaga<\/strong> fue titular en el \u201cFogonero\u201d y complet\u00f3 los 90\u2019 reglamentarios.<\/p>\n<p>&nbsp;<\/p>\n<p><em><strong>Foto: Mart\u00edn Angelini \/\/ Prensa C\u00edrculo.<\/strong><\/em><\/p>\n","protected":false},"excerpt":{"rendered":"<p>El tercer escal\u00f3n del f\u00fatbol argentino celebr\u00f3 entre semana una nueva fecha del campeonato y hubo festejos para C\u00edrculo, Santamarina,<\/p>\n","protected":false},"author":96739694,"featured_media":156659,"comment_status":"closed","ping_status":"closed","sticky":false,"template":"","format":"standard","meta":{"_jetpack_memberships_contains_paid_content":false,"footnotes":""},"categories":[35,37,1],"tags":[],"class_list":["post-137261","post","type-post","status-publish","format-standard","has-post-thumbnail","hentry","category-futbol","category-futbol-profesional","category-portada"],"jetpack_featured_media_url":"https:\/\/i0.wp.com\/cdnoticias.com\/wp-content\/uploads\/2023\/08\/Diego-San-Juli%C3%A1n-y-Leo-Vitale.jpeg?fit=1280%2C927&ssl=1","jetpack_sharing_enabled":true,"_links":{"self":[{"href":"https:\/\/cdnoticias.com\/index.php\/wp-json\/wp\/v2\/posts\/137261","targetHints":{"allow":["GET"]}}],"collection":[{"href":"https:\/\/cdnoticias.com\/index.php\/wp-json\/wp\/v2\/posts"}],"about":[{"href":"https:\/\/cdnoticias.com\/index.php\/wp-json\/wp\/v2\/types\/post"}],"author":[{"embeddable":true,"href":"https:\/\/cdnoticias.com\/index.php\/wp-json\/wp\/v2\/users\/96739694"}],"replies":[{"embeddable":true,"href":"https:\/\/cdnoticias.com\/index.php\/wp-json\/wp\/v2\/comments?post=137261"}],"version-history":[{"count":0,"href":"https:\/\/cdnoticias.com\/index.php\/wp-json\/wp\/v2\/posts\/137261\/revisions"}],"wp:featuredmedia":[{"embeddable":true,"href":"https:\/\/cdnoticias.com\/index.php\/wp-json\/wp\/v2\/media\/156659"}],"wp:attachment":[{"href":"https:\/\/cdnoticias.com\/index.php\/wp-json\/wp\/v2\/media?parent=137261"}],"wp:term":[{"taxonomy":"category","embeddable":true,"href":"https:\/\/cdnoticias.com\/index.php\/wp-json\/wp\/v2\/categories?post=137261"},{"taxonomy":"post_tag","embeddable":true,"href":"https:\/\/cdnoticias.com\/index.php\/wp-json\/wp\/v2\/tags?post=137261"}],"curies":[{"name":"wp","href":"https:\/\/api.w.org\/{rel}","templated":true}]}}