{"id":137259,"date":"2023-08-04T18:35:38","date_gmt":"2023-08-04T21:35:38","guid":{"rendered":"http:\/\/centraldeportes.com.ar\/?p=39606"},"modified":"2025-02-11T20:47:36","modified_gmt":"2025-02-11T23:47:36","slug":"nuevas-fechas-para-las-zonales-del-sudeste","status":"publish","type":"post","link":"https:\/\/cdnoticias.com\/index.php\/2023\/08\/04\/nuevas-fechas-para-las-zonales-del-sudeste\/","title":{"rendered":"Nuevas fechas para las Zonales del Sudeste"},"content":{"rendered":"<p>La Asociaci\u00f3n Pilotos Promocionales del Sudeste (APPS) defini\u00f3 las nuevas fechas para el \u00faltimo tramo del calendario 2023. La pr\u00f3xima ser\u00e1 el 19 y 20 de agosto en el AMCO.<!--more--><\/p>\n<hr \/>\n<p>Luego de varias reuniones y con algunos cambios,<strong> la Comisi\u00f3n Directiva de la APPS confirm\u00f3 el resto del calendario 2023<\/strong> que dictaminar\u00e1 las definiciones de la <strong>Monomarca 1100, la Promocional y la Copa VW Gol<\/strong>.<\/p>\n<p>&nbsp;<\/p>\n<p>Por lo pronto, <strong>agosto abarcar\u00e1 fecha doble en el trazado del AMCO<\/strong>. <strong>Ser\u00e1 precisamente el s\u00e1bado 19 y domingo 20<\/strong>, luego est\u00e1 previsto que las categor\u00edas viajen a Tres Arroyos los d\u00edas 16 y 17 de septiembre.<\/p>\n<p>&nbsp;<\/p>\n<p>Posteriormente en octubre, los directivos debieron modificar la fecha por coincidir con las elecciones ejecutivas. Es por eso que las Zonales volver\u00e1n a visitar el \u201cHermanos Emiliozzi\u201d el 7 y 8 (octava cita), para luego trasladarse a San Cayetano el 4 y 5 de noviembre en el pen\u00faltimo compromiso del a\u00f1o.<\/p>\n<p>&nbsp;<\/p>\n<p>Luego, se decidi\u00f3 que<strong> el Premio Coronaci\u00f3n se lleve adelante en el circuito \u201cLa Bota\u201d del Club Estudiantes los d\u00edas 9 y 10 de diciembre<\/strong>. En paralelo, la Comisi\u00f3n Directivo manifest\u00f3 mediante un comunicado que no lleg\u00f3 a un acuerdo con el AMCA (Azul), por lo que no logaron definir una fecha para el vigente calendario.<\/p>\n<p>&nbsp;<\/p>\n<p><em><strong>Fuente: APPS.<\/strong><\/em><\/p>\n","protected":false},"excerpt":{"rendered":"<p>La Asociaci\u00f3n Pilotos Promocionales del Sudeste (APPS) defini\u00f3 las nuevas fechas para el \u00faltimo tramo del calendario 2023. La pr\u00f3xima<\/p>\n","protected":false},"author":96739694,"featured_media":156663,"comment_status":"closed","ping_status":"closed","sticky":false,"template":"","format":"standard","meta":{"_jetpack_memberships_contains_paid_content":false,"footnotes":""},"categories":[51,34,1],"tags":[],"class_list":["post-137259","post","type-post","status-publish","format-standard","has-post-thumbnail","hentry","category-apps","category-automovilismo","category-portada"],"jetpack_featured_media_url":"https:\/\/i0.wp.com\/cdnoticias.com\/wp-content\/uploads\/2023\/06\/apps2-9.jpeg?fit=1500%2C1000&ssl=1","jetpack_sharing_enabled":true,"_links":{"self":[{"href":"https:\/\/cdnoticias.com\/index.php\/wp-json\/wp\/v2\/posts\/137259","targetHints":{"allow":["GET"]}}],"collection":[{"href":"https:\/\/cdnoticias.com\/index.php\/wp-json\/wp\/v2\/posts"}],"about":[{"href":"https:\/\/cdnoticias.com\/index.php\/wp-json\/wp\/v2\/types\/post"}],"author":[{"embeddable":true,"href":"https:\/\/cdnoticias.com\/index.php\/wp-json\/wp\/v2\/users\/96739694"}],"replies":[{"embeddable":true,"href":"https:\/\/cdnoticias.com\/index.php\/wp-json\/wp\/v2\/comments?post=137259"}],"version-history":[{"count":0,"href":"https:\/\/cdnoticias.com\/index.php\/wp-json\/wp\/v2\/posts\/137259\/revisions"}],"wp:featuredmedia":[{"embeddable":true,"href":"https:\/\/cdnoticias.com\/index.php\/wp-json\/wp\/v2\/media\/156663"}],"wp:attachment":[{"href":"https:\/\/cdnoticias.com\/index.php\/wp-json\/wp\/v2\/media?parent=137259"}],"wp:term":[{"taxonomy":"category","embeddable":true,"href":"https:\/\/cdnoticias.com\/index.php\/wp-json\/wp\/v2\/categories?post=137259"},{"taxonomy":"post_tag","embeddable":true,"href":"https:\/\/cdnoticias.com\/index.php\/wp-json\/wp\/v2\/tags?post=137259"}],"curies":[{"name":"wp","href":"https:\/\/api.w.org\/{rel}","templated":true}]}}