{"id":137255,"date":"2023-08-03T18:58:44","date_gmt":"2023-08-03T21:58:44","guid":{"rendered":"http:\/\/centraldeportes.com.ar\/?p=39588"},"modified":"2025-02-11T20:47:42","modified_gmt":"2025-02-11T23:47:42","slug":"nuevo-triunfo-para-chingotto-navarro-en-el-mendoza-premier-padel","status":"publish","type":"post","link":"https:\/\/cdnoticias.com\/index.php\/2023\/08\/03\/nuevo-triunfo-para-chingotto-navarro-en-el-mendoza-premier-padel\/","title":{"rendered":"Nuevo triunfo para Chingotto \u2013 Navarro en el Mendoza Premier Padel"},"content":{"rendered":"<p>El olavarriense y su par espa\u00f1ol clasificaron a cuartos de final luego de vencer en menos de una hora de juego a Valdes \u2013 S\u00e1nchez en el Arena Aconcagua.<!--more--><\/p>\n<hr \/>\n<p><strong>\u201cFede\u201d Chingotto y \u201cPaquito\u201d Navarro<\/strong> lograron este jueves una atenuante victoria en la alfombra mendocina y contin\u00faan avanzando instancias en el certamen profesional de Premier Padel.<\/p>\n<p>&nbsp;<\/p>\n<p>El desaf\u00edo de octavos de final fue ante la pareja del chileno <strong>Javier Valdes<\/strong> y su compa\u00f1ero espa\u00f1ol,<strong> Jos\u00e9 David S\u00e1nchez<\/strong>, en la alfombra central del <strong>Arena Aconcagua de Mendoza<\/strong>.<\/p>\n<p>&nbsp;<\/p>\n<p>Con un rotundo<strong> 6 \u2013 1<\/strong> en el primer set, el olavarriense y el sevillano marcaron autoridad en el 20&#215;10 y luego liquidaron las acciones con un <strong>6 \u2013 3<\/strong> tras cincuenta y cinco minutos de partido.<\/p>\n<p>&nbsp;<\/p>\n<p>El categ\u00f3rico triunfo les dio el boleto a los cuartos de final del torneo celebrado en tierras cuyanas, donde e<strong>ste viernes se ver\u00e1n las caras nuevamente con Juan Tello y Ale Ruiz<\/strong>, quienes derrotaron por 6 \u2013 3 y 6 \u2013 2 a Bergamini \u2013 Ruiz.<\/p>\n<p>&nbsp;<\/p>\n<p><img data-recalc-dims=\"1\" loading=\"lazy\" decoding=\"async\" class=\"aligncenter size-large wp-image-39590\" src=\"https:\/\/i0.wp.com\/centraldeportes.com.ar\/wp-content\/uploads\/2023\/08\/Ezequiel-Grecco-1024x659.jpg?resize=800%2C515\" alt=\"\" width=\"800\" height=\"515\" \/><\/p>\n<p>&nbsp;<\/p>\n<p>Por otro lado<strong> Ezequiel \u201cPato\u201d Grecco<\/strong>, \u00e1rbitro internacional oriundo de nuestra ciudad, <strong>fue el juez del cruce entre Tapia \u2013 Coello y Rubio \u2013 Arroyo<\/strong>.<\/p>\n<p>&nbsp;<\/p>\n<p><em><strong>Fotos: Premier Padel.<\/strong><\/em><\/p>\n","protected":false},"excerpt":{"rendered":"<p>El olavarriense y su par espa\u00f1ol clasificaron a cuartos de final luego de vencer en menos de una hora de<\/p>\n","protected":false},"author":96739694,"featured_media":156672,"comment_status":"closed","ping_status":"closed","sticky":false,"template":"","format":"standard","meta":{"_jetpack_memberships_contains_paid_content":false,"footnotes":""},"categories":[30,1],"tags":[],"class_list":["post-137255","post","type-post","status-publish","format-standard","has-post-thumbnail","hentry","category-polideportivo","category-portada"],"jetpack_featured_media_url":"https:\/\/i0.wp.com\/cdnoticias.com\/wp-content\/uploads\/2023\/08\/Chingotto-Mendoza-Premier-Padel-octavos-e1691099898570.jpg?fit=1080%2C658&ssl=1","jetpack_sharing_enabled":true,"_links":{"self":[{"href":"https:\/\/cdnoticias.com\/index.php\/wp-json\/wp\/v2\/posts\/137255","targetHints":{"allow":["GET"]}}],"collection":[{"href":"https:\/\/cdnoticias.com\/index.php\/wp-json\/wp\/v2\/posts"}],"about":[{"href":"https:\/\/cdnoticias.com\/index.php\/wp-json\/wp\/v2\/types\/post"}],"author":[{"embeddable":true,"href":"https:\/\/cdnoticias.com\/index.php\/wp-json\/wp\/v2\/users\/96739694"}],"replies":[{"embeddable":true,"href":"https:\/\/cdnoticias.com\/index.php\/wp-json\/wp\/v2\/comments?post=137255"}],"version-history":[{"count":0,"href":"https:\/\/cdnoticias.com\/index.php\/wp-json\/wp\/v2\/posts\/137255\/revisions"}],"wp:featuredmedia":[{"embeddable":true,"href":"https:\/\/cdnoticias.com\/index.php\/wp-json\/wp\/v2\/media\/156672"}],"wp:attachment":[{"href":"https:\/\/cdnoticias.com\/index.php\/wp-json\/wp\/v2\/media?parent=137255"}],"wp:term":[{"taxonomy":"category","embeddable":true,"href":"https:\/\/cdnoticias.com\/index.php\/wp-json\/wp\/v2\/categories?post=137255"},{"taxonomy":"post_tag","embeddable":true,"href":"https:\/\/cdnoticias.com\/index.php\/wp-json\/wp\/v2\/tags?post=137255"}],"curies":[{"name":"wp","href":"https:\/\/api.w.org\/{rel}","templated":true}]}}