{"id":137254,"date":"2023-08-03T18:31:02","date_gmt":"2023-08-03T21:31:02","guid":{"rendered":"http:\/\/centraldeportes.com.ar\/?p=39583"},"modified":"2025-02-11T20:47:44","modified_gmt":"2025-02-11T23:47:44","slug":"liga-pre-federal-mas-olavarrienses-confirmados-en-otros-equipos","status":"publish","type":"post","link":"https:\/\/cdnoticias.com\/index.php\/2023\/08\/03\/liga-pre-federal-mas-olavarrienses-confirmados-en-otros-equipos\/","title":{"rendered":"Liga Pre-Federal: m\u00e1s olavarrienses confirmados en otros equipos"},"content":{"rendered":"<p>Ante la imposibilidad de los equipos de Olavarr\u00eda de participar en el Pre-Federal por falta de rivales dentro de la Regi\u00f3n CAB 4, contin\u00faa la emigraci\u00f3n de los basquetbolistas y en las \u00faltimas horas se confirm\u00f3 la salida de Mart\u00edn Delgado, Ariel Weisbeck, Nicol\u00e1s Lorenzo y Francisco Fornes de Racing y de Santiago Aman de Estudiantes.<!--more--><\/p>\n<hr \/>\n<p>Ariel Weisbeck, Nicol\u00e1s Lorenzo, Mart\u00edn Delgado, Francisco Fornes y Santiago Aman fueron confirmados en los \u00faltimos d\u00edas en diferentes equipos y contin\u00faan con el \u00e9xodo de olavarrienses a equipos de la Regi\u00f3n que hab\u00eda iniciado con las salidas de <a href=\"https:\/\/cdnoticias.com\/sesto-y-silber-con-nuevos-destinos-jugaran-pre-federal-fuera-de-la-provincia\/\">Sesto y Silber<\/a>.<\/p>\n<p>&nbsp;<\/p>\n<p>D\u00edas atr\u00e1s fueron confirmadas los arribos de Nicol\u00e1s Lorenzo y Ariel Weisbeck a Independiente de Tandil por lo que se suman a Gast\u00f3n Di Salvo en el \u201cRojo\u201d.<\/p>\n<p>&nbsp;<\/p>\n<p>Tambi\u00e9n dejaron el \u201cChaira\u201d Mart\u00edn Delgado que se sum\u00f3 a Asociaci\u00f3n Atl\u00e9tica Banda Norte y Francisco Fornes que ser\u00e1 una de las fichas juveniles de Kimberley, rival del equipo tandilense en la Regi\u00f3n CAB 3.<\/p>\n<p>&nbsp;<\/p>\n\n<p>&nbsp;<\/p>\n<p>Por \u00faltimo, tambi\u00e9n ser\u00e1 ficha juvenil Santiago Aman que fue confirmado como nuevo jugador de Atenas de La Plata.<\/p>\n","protected":false},"excerpt":{"rendered":"<p>Ante la imposibilidad de los equipos de Olavarr\u00eda de participar en el Pre-Federal por falta de rivales dentro de la<\/p>\n","protected":false},"author":96739694,"featured_media":156675,"comment_status":"closed","ping_status":"closed","sticky":false,"template":"","format":"standard","meta":{"_jetpack_memberships_contains_paid_content":false,"footnotes":""},"categories":[31,1,60],"tags":[],"class_list":["post-137254","post","type-post","status-publish","format-standard","has-post-thumbnail","hentry","category-basquet","category-portada","category-torneo-pre-federal"],"jetpack_featured_media_url":"https:\/\/i0.wp.com\/cdnoticias.com\/wp-content\/uploads\/2023\/04\/rac-estudiantes-10.jpeg?fit=1500%2C1000&ssl=1","jetpack_sharing_enabled":true,"_links":{"self":[{"href":"https:\/\/cdnoticias.com\/index.php\/wp-json\/wp\/v2\/posts\/137254","targetHints":{"allow":["GET"]}}],"collection":[{"href":"https:\/\/cdnoticias.com\/index.php\/wp-json\/wp\/v2\/posts"}],"about":[{"href":"https:\/\/cdnoticias.com\/index.php\/wp-json\/wp\/v2\/types\/post"}],"author":[{"embeddable":true,"href":"https:\/\/cdnoticias.com\/index.php\/wp-json\/wp\/v2\/users\/96739694"}],"replies":[{"embeddable":true,"href":"https:\/\/cdnoticias.com\/index.php\/wp-json\/wp\/v2\/comments?post=137254"}],"version-history":[{"count":0,"href":"https:\/\/cdnoticias.com\/index.php\/wp-json\/wp\/v2\/posts\/137254\/revisions"}],"wp:featuredmedia":[{"embeddable":true,"href":"https:\/\/cdnoticias.com\/index.php\/wp-json\/wp\/v2\/media\/156675"}],"wp:attachment":[{"href":"https:\/\/cdnoticias.com\/index.php\/wp-json\/wp\/v2\/media?parent=137254"}],"wp:term":[{"taxonomy":"category","embeddable":true,"href":"https:\/\/cdnoticias.com\/index.php\/wp-json\/wp\/v2\/categories?post=137254"},{"taxonomy":"post_tag","embeddable":true,"href":"https:\/\/cdnoticias.com\/index.php\/wp-json\/wp\/v2\/tags?post=137254"}],"curies":[{"name":"wp","href":"https:\/\/api.w.org\/{rel}","templated":true}]}}