{"id":137250,"date":"2023-08-02T19:01:35","date_gmt":"2023-08-02T22:01:35","guid":{"rendered":"http:\/\/centraldeportes.com.ar\/?p=39550"},"modified":"2025-02-11T20:47:53","modified_gmt":"2025-02-11T23:47:53","slug":"premier-padel-chingotto-y-navarro-comenzaron-festejando-en-mendoza","status":"publish","type":"post","link":"https:\/\/cdnoticias.com\/index.php\/2023\/08\/02\/premier-padel-chingotto-y-navarro-comenzaron-festejando-en-mendoza\/","title":{"rendered":"Premier P\u00e1del: Chingotto y Navarro comenzaron festejando en Mendoza"},"content":{"rendered":"<p>Este mi\u00e9rcoles, el olavarriense y el sevillano debutaron con un triunfo en la alfombra cuyana y lograron el boleto a octavos de final. Ezequiel \u201cPato\u201d Grecco fue el \u00e1rbitro del partido.<!--more--><\/p>\n<hr \/>\n<p>En su regreso al circuito profesional organizado por la Federaci\u00f3n Internacional de P\u00e1del,<strong> Federico Chingotto y Francisco Navarro<\/strong> tuvieron el mejor de los arranques en el inicio del Cuadro principal.<\/p>\n<p>&nbsp;<\/p>\n<p>Por los dieciseisavos de final del Mendoza Premier Padel, \u201cChingo\u201d y \u201cPaquito\u201d enfrentaron en la alfombra central del Arena Aconcagua a la pareja integrada por <strong>Cristian Guti\u00e9rrez y Mario Huete Hern\u00e1ndez<\/strong>. El duelo, adem\u00e1s, estuvo bajo la supervisi\u00f3n del \u00e1rbitro internacional<strong> Ezequiel \u201cPato\u201d Grecco<\/strong>, oriundo de nuestra ciudad.<\/p>\n<p>&nbsp;<\/p>\n<p>Y fue con un s\u00f3lido triunfo para <strong>el olavarriense y su par espa\u00f1ol<\/strong>, ya que <strong>al cabo de una hora y tres minutos de partido se impusieron con un doble 6 \u2013 2<\/strong> y clasificaron autom\u00e1ticamente a los octavos de final.<\/p>\n<p>&nbsp;<\/p>\n<p>En consecuencia, este jueves en tal instancia, se medir\u00e1n ante <strong>Javier Valdes y Jos\u00e9 David S\u00e1nchez<\/strong> por un lugar entre las ocho mejores parejas del certamen cuyano.<\/p>\n<p>&nbsp;<\/p>\n<p><em><strong>Foto: Argentina Premier Padel.<\/strong><\/em><\/p>\n","protected":false},"excerpt":{"rendered":"<p>Este mi\u00e9rcoles, el olavarriense y el sevillano debutaron con un triunfo en la alfombra cuyana y lograron el boleto a<\/p>\n","protected":false},"author":96739694,"featured_media":156691,"comment_status":"closed","ping_status":"closed","sticky":false,"template":"","format":"standard","meta":{"_jetpack_memberships_contains_paid_content":false,"footnotes":""},"categories":[30,1],"tags":[],"class_list":["post-137250","post","type-post","status-publish","format-standard","has-post-thumbnail","hentry","category-polideportivo","category-portada"],"jetpack_featured_media_url":"https:\/\/i0.wp.com\/cdnoticias.com\/wp-content\/uploads\/2023\/08\/Screenshot_20230802_185624_Instagram-e1691013663121.jpg?fit=1080%2C642&ssl=1","jetpack_sharing_enabled":true,"_links":{"self":[{"href":"https:\/\/cdnoticias.com\/index.php\/wp-json\/wp\/v2\/posts\/137250","targetHints":{"allow":["GET"]}}],"collection":[{"href":"https:\/\/cdnoticias.com\/index.php\/wp-json\/wp\/v2\/posts"}],"about":[{"href":"https:\/\/cdnoticias.com\/index.php\/wp-json\/wp\/v2\/types\/post"}],"author":[{"embeddable":true,"href":"https:\/\/cdnoticias.com\/index.php\/wp-json\/wp\/v2\/users\/96739694"}],"replies":[{"embeddable":true,"href":"https:\/\/cdnoticias.com\/index.php\/wp-json\/wp\/v2\/comments?post=137250"}],"version-history":[{"count":0,"href":"https:\/\/cdnoticias.com\/index.php\/wp-json\/wp\/v2\/posts\/137250\/revisions"}],"wp:featuredmedia":[{"embeddable":true,"href":"https:\/\/cdnoticias.com\/index.php\/wp-json\/wp\/v2\/media\/156691"}],"wp:attachment":[{"href":"https:\/\/cdnoticias.com\/index.php\/wp-json\/wp\/v2\/media?parent=137250"}],"wp:term":[{"taxonomy":"category","embeddable":true,"href":"https:\/\/cdnoticias.com\/index.php\/wp-json\/wp\/v2\/categories?post=137250"},{"taxonomy":"post_tag","embeddable":true,"href":"https:\/\/cdnoticias.com\/index.php\/wp-json\/wp\/v2\/tags?post=137250"}],"curies":[{"name":"wp","href":"https:\/\/api.w.org\/{rel}","templated":true}]}}