{"id":137245,"date":"2023-08-01T22:45:42","date_gmt":"2023-08-02T01:45:42","guid":{"rendered":"http:\/\/centraldeportes.com.ar\/?p=39535"},"modified":"2025-02-11T20:48:00","modified_gmt":"2025-02-11T23:48:00","slug":"maraton-boca-de-las-sierras-los-locales-coparon-los-podios","status":"publish","type":"post","link":"https:\/\/cdnoticias.com\/index.php\/2023\/08\/01\/maraton-boca-de-las-sierras-los-locales-coparon-los-podios\/","title":{"rendered":"\u201cMarat\u00f3n Boca de las Sierras\u201d: los locales coparon los podios"},"content":{"rendered":"<p>El pasado domingo, Boca de las Sierras volvi\u00f3 a ser lugar para una Marat\u00f3n y se luci\u00f3 la delegaci\u00f3n olavarriense ya que coparon los podios. Los mejores fueron Cecilia y Gustavo Fern\u00e1ndez que, adem\u00e1s, marcaron nuevos r\u00e9cords de circuito.<!--more--><\/p>\n<hr \/>\n<p>La 7\u00b0 edici\u00f3n de la \u201cMarat\u00f3n de las Sierras\u201d tuvo destacada actuaci\u00f3n olavarriense ya que ocuparon los seis primeros lugares de los podios y tanto como Cecilia como Gustavo Fern\u00e1ndez lograron nuevos r\u00e9cords en el recorrido de 21 kil\u00f3metros.<\/p>\n<p>&nbsp;<\/p>\n<p>Bajo la organizaci\u00f3n de Spinning Eventos en la distancia de 21 y 10 kil\u00f3metros se corri\u00f3 la Marat\u00f3n por las sierras m\u00e1s antiguas del planeta y hubo nuevos r\u00e9cords en la distancia mayor en las victorias de los Fern\u00e1ndez.<\/p>\n<p>&nbsp;<\/p>\n<p>El m\u00e1s r\u00e1pido del circuito en la distancia principal volvi\u00f3 a ser, por segundo a\u00f1o consecutivo, Gustavo Fern\u00e1ndez que marc\u00f3 un tiempo de 1:11:07.<\/p>\n<p>&nbsp;<\/p>\n<p>Adem\u00e1s, los otros dos primeros lugares del podio fueron para Luciano Sosa con 1:14:59 y Diego D\u00edaz con 1:15:36.<\/p>\n<p>&nbsp;<\/p>\n<p>En el recorrido por la Ruta Provincial N\u00b080, Cecilia Fern\u00e1ndez fue la m\u00e1s veloz entre las Damas con un tiempo de 1:23:12 y estuvo acompa\u00f1ada en el podio por Rosana Luisetti con 1:38:41 y Florencia Ju\u00e1rez con 1:39:54.<\/p>\n<p>&nbsp;<\/p>\n<p>Adem\u00e1s, en la distancia corta, los 10K, Juan Manuel V\u00e1zquez fue el mejor representante local que termin\u00f3 en la 11\u00b0 posici\u00f3n, mientras que, en las Damas, Yesica Recofsky fue 11\u00b0 para ser la mejor de la clasificaci\u00f3n.<\/p>\n<p>&nbsp;<\/p>\n<p>Hubo m\u00e1s atletas locales completando las dos distancias y siendo protagonistas de la carrera en la vecina localidad de Azul.<\/p>\n","protected":false},"excerpt":{"rendered":"<p>El pasado domingo, Boca de las Sierras volvi\u00f3 a ser lugar para una Marat\u00f3n y se luci\u00f3 la delegaci\u00f3n olavarriense<\/p>\n","protected":false},"author":96739694,"featured_media":156701,"comment_status":"closed","ping_status":"closed","sticky":false,"template":"","format":"standard","meta":{"_jetpack_memberships_contains_paid_content":false,"footnotes":""},"categories":[38,1],"tags":[],"class_list":["post-137245","post","type-post","status-publish","format-standard","has-post-thumbnail","hentry","category-pedestrismo","category-portada"],"jetpack_featured_media_url":"https:\/\/i0.wp.com\/cdnoticias.com\/wp-content\/uploads\/2023\/08\/WhatsApp-Image-2023-07-31-at-09.14.52.jpeg?fit=1280%2C854&ssl=1","jetpack_sharing_enabled":true,"_links":{"self":[{"href":"https:\/\/cdnoticias.com\/index.php\/wp-json\/wp\/v2\/posts\/137245","targetHints":{"allow":["GET"]}}],"collection":[{"href":"https:\/\/cdnoticias.com\/index.php\/wp-json\/wp\/v2\/posts"}],"about":[{"href":"https:\/\/cdnoticias.com\/index.php\/wp-json\/wp\/v2\/types\/post"}],"author":[{"embeddable":true,"href":"https:\/\/cdnoticias.com\/index.php\/wp-json\/wp\/v2\/users\/96739694"}],"replies":[{"embeddable":true,"href":"https:\/\/cdnoticias.com\/index.php\/wp-json\/wp\/v2\/comments?post=137245"}],"version-history":[{"count":0,"href":"https:\/\/cdnoticias.com\/index.php\/wp-json\/wp\/v2\/posts\/137245\/revisions"}],"wp:featuredmedia":[{"embeddable":true,"href":"https:\/\/cdnoticias.com\/index.php\/wp-json\/wp\/v2\/media\/156701"}],"wp:attachment":[{"href":"https:\/\/cdnoticias.com\/index.php\/wp-json\/wp\/v2\/media?parent=137245"}],"wp:term":[{"taxonomy":"category","embeddable":true,"href":"https:\/\/cdnoticias.com\/index.php\/wp-json\/wp\/v2\/categories?post=137245"},{"taxonomy":"post_tag","embeddable":true,"href":"https:\/\/cdnoticias.com\/index.php\/wp-json\/wp\/v2\/tags?post=137245"}],"curies":[{"name":"wp","href":"https:\/\/api.w.org\/{rel}","templated":true}]}}