{"id":137242,"date":"2023-08-01T18:00:58","date_gmt":"2023-08-01T21:00:58","guid":{"rendered":"http:\/\/centraldeportes.com.ar\/?p=39518"},"modified":"2025-02-11T20:48:05","modified_gmt":"2025-02-11T23:48:05","slug":"jeronimo-gallo-se-despidio-del-arbitraje-creo-que-es-el-momento-justo-de-dar-el-paso","status":"publish","type":"post","link":"https:\/\/cdnoticias.com\/index.php\/2023\/08\/01\/jeronimo-gallo-se-despidio-del-arbitraje-creo-que-es-el-momento-justo-de-dar-el-paso\/","title":{"rendered":"Jer\u00f3nimo Gallo se despidi\u00f3 del arbitraje: \u201cCreo que es el momento justo de dar el paso\u201d"},"content":{"rendered":"<p>Mediante conferencia de prensa, el experimentado colegiado olavarriense se despidi\u00f3 de la profesi\u00f3n y dej\u00f3 un recorrido de 18 a\u00f1os de trayectoria en el camino. Fue el pasado s\u00e1bado, en el partido disputado entre El Fort\u00edn y Estudiantes.<!--more--><\/p>\n<hr \/>\n<p>\u201c<strong><em>No es una decisi\u00f3n f\u00e1cil, ya ven\u00eda digiriendo la idea del retiro desde hace bastante tiempo<\/em><\/strong>\u201d, fueron las primeras frases de <strong>Jer\u00f3nimo Gallo Cabrera<\/strong> en la conferencia de prensa llevada adelante en las cabinas del Clemente \u201cTete\u201d Di Carlo. El pasado s\u00e1bado y por propia determinaci\u00f3n, el <a href=\"http:\/\/centraldeportes.com.ar\/el-fortin-vencio-a-estudiantes-y-clasifico-al-torneo-regional-amateur\/\">partido entre El Fort\u00edn y Estudiantes<\/a> fue su \u00faltima funci\u00f3n.\u00a0Previo al cotejo, recibi\u00f3 el aplauso de ambos planteles, \u00e1rbitros colegas, familiares y un reconocimiento de dirigentes liguistas.<\/p>\n<p>&nbsp;<\/p>\n<p>Con una <strong>trayectoria de 18 a\u00f1os dentro del arbitraje<\/strong>, Gallo dirigi\u00f3 m\u00e1s de 150 partidos contando Primera Divisi\u00f3n local, torneos Regionales y el ya abolido Argentino B y C. En paralelo, siempre estuvo vinculado a la <strong>Asociaci\u00f3n \u00c1rbitros de Olavarr\u00eda<\/strong>, instituci\u00f3n que desde el 2019 hasta el pasado junio del vigente a\u00f1o se aboc\u00f3 como presidente.<\/p>\n<p>&nbsp;<\/p>\n<p>[soliloquy id=&#8221;39374&#8243;]<\/p>\n<p>&nbsp;<\/p>\n<p>\u201c<strong><em>Creo que es el momento justo de dar el paso, uno le dedica mucha vida a esto dejando fines de semana de lado a la familia<\/em><\/strong>\u201d, sostuvo entre l\u00e1grimas \u201cJero\u201d. Adem\u00e1s, manifest\u00f3 que \u201c<em><strong>Le debo mucho a la Asociaci\u00f3n de \u00c1rbitros y a la Liga de F\u00fatbol<\/strong>. Tambi\u00e9n a todos los que forman parte del f\u00fatbol de Olavarr\u00eda, desde dirigentes, jugadores y cuerpo t\u00e9cnico<\/em>\u201d.<\/p>\n<p>&nbsp;<\/p>\n<blockquote><p><em>\u201cMe voy con la tranquilidad de haber podido estar un buen tiempo en el arbitraje y haber hecho las cosas medianamente bien sin faltar el respeto\u201d<\/em><\/p><\/blockquote>\n<p>&nbsp;<\/p>\n<p>En conferencia de prensa lo acompa\u00f1aron <strong>Pablo Palahy y Mario Patern\u00f3<\/strong>, presidente y vicepresidente de la entidad madre del f\u00fatbol olavarriense: \u201c<strong><em>Tiene las puertas para seguir en la Liga. \u00c9l se est\u00e1 yendo n\u00famero uno en Olavarr\u00eda y eso no es f\u00e1cil<\/em><\/strong>\u201d, afirm\u00f3 el m\u00e1ximo dirigente liguista.<\/p>\n<p>&nbsp;<\/p>\n<p><img data-recalc-dims=\"1\" loading=\"lazy\" decoding=\"async\" class=\"aligncenter wp-image-39521 size-large\" src=\"https:\/\/i0.wp.com\/centraldeportes.com.ar\/wp-content\/uploads\/2023\/08\/Conferencia-Jero-Gallo-retiro-e1690923609596-1024x652.png?resize=800%2C509\" alt=\"\" width=\"800\" height=\"509\" \/><\/p>\n<p>&nbsp;<\/p>\n<p>Gallo, que se llev\u00f3 una pelota de recuerdo, habl\u00f3 con respecto a su futuro: \u201c<em><strong>Me ofrecieron seguir formando parte del cuerpo de colegiados<\/strong>, yo no tengo una formaci\u00f3n de instructor, pero tengo el conocimiento de la cancha y puedo aconsejar a los m\u00e1s chicos dentro de la profesi\u00f3n. <strong>Ahora quiero descansar un poquito<\/strong><\/em>\u201d, finaliz\u00f3 el experimentado colegiado.<\/p>\n","protected":false},"excerpt":{"rendered":"<p>Mediante conferencia de prensa, el experimentado colegiado olavarriense se despidi\u00f3 de la profesi\u00f3n y dej\u00f3 un recorrido de 18 a\u00f1os<\/p>\n","protected":false},"author":96739694,"featured_media":156709,"comment_status":"closed","ping_status":"closed","sticky":false,"template":"","format":"standard","meta":{"_jetpack_memberships_contains_paid_content":false,"footnotes":""},"categories":[35,1,41],"tags":[],"class_list":["post-137242","post","type-post","status-publish","format-standard","has-post-thumbnail","hentry","category-futbol","category-portada","category-primera-y-reserva"],"jetpack_featured_media_url":"https:\/\/i0.wp.com\/cdnoticias.com\/wp-content\/uploads\/2023\/07\/gallo-6.jpeg?fit=1500%2C1000&ssl=1","jetpack_sharing_enabled":true,"_links":{"self":[{"href":"https:\/\/cdnoticias.com\/index.php\/wp-json\/wp\/v2\/posts\/137242","targetHints":{"allow":["GET"]}}],"collection":[{"href":"https:\/\/cdnoticias.com\/index.php\/wp-json\/wp\/v2\/posts"}],"about":[{"href":"https:\/\/cdnoticias.com\/index.php\/wp-json\/wp\/v2\/types\/post"}],"author":[{"embeddable":true,"href":"https:\/\/cdnoticias.com\/index.php\/wp-json\/wp\/v2\/users\/96739694"}],"replies":[{"embeddable":true,"href":"https:\/\/cdnoticias.com\/index.php\/wp-json\/wp\/v2\/comments?post=137242"}],"version-history":[{"count":0,"href":"https:\/\/cdnoticias.com\/index.php\/wp-json\/wp\/v2\/posts\/137242\/revisions"}],"wp:featuredmedia":[{"embeddable":true,"href":"https:\/\/cdnoticias.com\/index.php\/wp-json\/wp\/v2\/media\/156709"}],"wp:attachment":[{"href":"https:\/\/cdnoticias.com\/index.php\/wp-json\/wp\/v2\/media?parent=137242"}],"wp:term":[{"taxonomy":"category","embeddable":true,"href":"https:\/\/cdnoticias.com\/index.php\/wp-json\/wp\/v2\/categories?post=137242"},{"taxonomy":"post_tag","embeddable":true,"href":"https:\/\/cdnoticias.com\/index.php\/wp-json\/wp\/v2\/tags?post=137242"}],"curies":[{"name":"wp","href":"https:\/\/api.w.org\/{rel}","templated":true}]}}