{"id":137239,"date":"2023-08-01T14:54:23","date_gmt":"2023-08-01T17:54:23","guid":{"rendered":"http:\/\/centraldeportes.com.ar\/?p=39507"},"modified":"2025-02-11T20:45:06","modified_gmt":"2025-02-11T23:45:06","slug":"lucas-janson-en-la-lista-de-concentrados-de-la-libertadores","status":"publish","type":"post","link":"https:\/\/cdnoticias.com\/index.php\/2023\/08\/01\/lucas-janson-en-la-lista-de-concentrados-de-la-libertadores\/","title":{"rendered":"Lucas Janson, en la lista de concentrados de la Libertadores"},"content":{"rendered":"<p>El pr\u00f3ximo mi\u00e9rcoles, Boca Juniors iniciar\u00e1 su participaci\u00f3n en los Octavos de Final de la Copa Libertadores y pensando en el partido frente a Nacional, Lucas Janson fue confirmado en la concentraci\u00f3n.<!--more--><\/p>\n<hr \/>\n<p>Lucas Janson es uno de los 25 futbolistas elegidos por Jorge Almir\u00f3n para iniciar la serie frente a Nacional por los Octavos de Final de la Copa Libertadores de Am\u00e9rica.<\/p>\n<p>&nbsp;<\/p>\n<p>El olavarriense que apenas sum\u00f3 un par de entrenamientos en el \u201cXeneize\u201d y que, desde este martes, entrena a la par de Edinson Cavani, viajar\u00e1 a Montevideo con la delegaci\u00f3n de cara al partido del mi\u00e9rcoles a las 21:00.<\/p>\n","protected":false},"excerpt":{"rendered":"<p>El pr\u00f3ximo mi\u00e9rcoles, Boca Juniors iniciar\u00e1 su participaci\u00f3n en los Octavos de Final de la Copa Libertadores y pensando en<\/p>\n","protected":false},"author":96739694,"featured_media":156593,"comment_status":"closed","ping_status":"closed","sticky":false,"template":"","format":"standard","meta":{"_jetpack_memberships_contains_paid_content":false,"footnotes":""},"categories":[35,37,1],"tags":[],"class_list":["post-137239","post","type-post","status-publish","format-standard","has-post-thumbnail","hentry","category-futbol","category-futbol-profesional","category-portada"],"jetpack_featured_media_url":"https:\/\/i0.wp.com\/cdnoticias.com\/wp-content\/uploads\/2023\/08\/Janson-Blondel-e1690912453946.jpg?fit=1080%2C629&ssl=1","jetpack_sharing_enabled":true,"_links":{"self":[{"href":"https:\/\/cdnoticias.com\/index.php\/wp-json\/wp\/v2\/posts\/137239","targetHints":{"allow":["GET"]}}],"collection":[{"href":"https:\/\/cdnoticias.com\/index.php\/wp-json\/wp\/v2\/posts"}],"about":[{"href":"https:\/\/cdnoticias.com\/index.php\/wp-json\/wp\/v2\/types\/post"}],"author":[{"embeddable":true,"href":"https:\/\/cdnoticias.com\/index.php\/wp-json\/wp\/v2\/users\/96739694"}],"replies":[{"embeddable":true,"href":"https:\/\/cdnoticias.com\/index.php\/wp-json\/wp\/v2\/comments?post=137239"}],"version-history":[{"count":0,"href":"https:\/\/cdnoticias.com\/index.php\/wp-json\/wp\/v2\/posts\/137239\/revisions"}],"wp:featuredmedia":[{"embeddable":true,"href":"https:\/\/cdnoticias.com\/index.php\/wp-json\/wp\/v2\/media\/156593"}],"wp:attachment":[{"href":"https:\/\/cdnoticias.com\/index.php\/wp-json\/wp\/v2\/media?parent=137239"}],"wp:term":[{"taxonomy":"category","embeddable":true,"href":"https:\/\/cdnoticias.com\/index.php\/wp-json\/wp\/v2\/categories?post=137239"},{"taxonomy":"post_tag","embeddable":true,"href":"https:\/\/cdnoticias.com\/index.php\/wp-json\/wp\/v2\/tags?post=137239"}],"curies":[{"name":"wp","href":"https:\/\/api.w.org\/{rel}","templated":true}]}}