{"id":137236,"date":"2023-07-31T20:14:30","date_gmt":"2023-07-31T23:14:30","guid":{"rendered":"http:\/\/centraldeportes.com.ar\/?p=39497"},"modified":"2025-02-11T20:45:09","modified_gmt":"2025-02-11T23:45:09","slug":"tuvimos-que-levantar-cabeza-rapido-y-pelear-por-el-objetivo-que-logramos","status":"publish","type":"post","link":"https:\/\/cdnoticias.com\/index.php\/2023\/07\/31\/tuvimos-que-levantar-cabeza-rapido-y-pelear-por-el-objetivo-que-logramos\/","title":{"rendered":"\u201cTuvimos que levantar cabeza r\u00e1pido y pelear por el objetivo que logramos\u201d"},"content":{"rendered":"<p>Yoel Gonz\u00e1lez, autor del tanto de la victoria frente a Estudiantes, habl\u00f3 finalizado el partido y dej\u00f3 sus sensaciones tras conseguir con El Fort\u00edn el boleto al Torneo Regional Amateur.<!--more--><\/p>\n<hr \/>\n<p>El sint\u00e9tico de Embajadores recibi\u00f3 el pasado s\u00e1bado el duelo contextualizado en un tercer y cuarto puesto del Interligas, pero con un objetivo importante de cara al segundo semestre: la plaza al Regional Amateur. <strong>Con un golazo<\/strong> <strong>de tiro libre de<\/strong> <strong>Yoel Gonz\u00e1lez<\/strong>, <a href=\"http:\/\/centraldeportes.com.ar\/el-fortin-vencio-a-estudiantes-y-clasifico-al-torneo-regional-amateur\/\">El Fort\u00edn se impuso ante Estudiantes<\/a> <strong>y consigui\u00f3 el boleto directo al certamen del Consejo Federal<\/strong>.<\/p>\n<p>&nbsp;<\/p>\n<p>\u201c<em>Este fue un partido inesperado,<\/em><strong><em> lo tomamos como una especie de revancha de haber quedado afuera en la semi. <\/em><\/strong><em>Contento por el triunfo<\/em>\u201d, declar\u00f3 en primer t\u00e9rmino el \u201cPatotero\u201d en el post partido. Adem\u00e1s, manifest\u00f3 que tras la eliminaci\u00f3n a manos de Municipales \u201c<strong>tuvimos que levantar cabeza r\u00e1pido y pelear por el objetivo que terminamos logrando<\/strong>\u201d.<\/p>\n<p>&nbsp;<\/p>\n<p><img data-recalc-dims=\"1\" loading=\"lazy\" decoding=\"async\" class=\"aligncenter wp-image-39498 size-large\" src=\"https:\/\/i0.wp.com\/centraldeportes.com.ar\/wp-content\/uploads\/2023\/07\/WhatsApp-Image-2023-07-31-at-19.59.12-1024x682.jpeg?resize=800%2C533\" alt=\"\" width=\"800\" height=\"533\" \/><\/p>\n<p>&nbsp;<\/p>\n<p>M\u00e1s all\u00e1 del gol de la victoria, Estudiantes hizo lo suyo y cont\u00f3 con varias chances para mover el marcador: \u201c<em><strong>Sab\u00edamos que iba a ser un partido duro en una cancha a la que no estamos acostumbrados<\/strong>. Los supimos sacar adelante y por suerte se me dio que el tiro libre fue a la red<\/em>\u201d, manifest\u00f3.<\/p>\n<p>&nbsp;<\/p>\n<p>El pasaje al Federal Amateur fue un mimo a la campa\u00f1a del elenco \u201cFortinero\u201d, que tan solo perdi\u00f3 tres partidos en el campeonato: \u201c<strong><em>Es un poco como dice Fabricio \u2013 Torres \u2013 que en el f\u00fatbol ten\u00e9s m\u00e1s amargas que buenas. Por suerte no fue tan as\u00ed<\/em><\/strong>\u201d, declar\u00f3 el ex Racing.<\/p>\n<p>&nbsp;<\/p>\n<p>Por \u00faltimo, Gonz\u00e1lez dio a entender que \u201c<strong><em>conseguimos uno de los dos objetivos que nos planteamos<\/em><\/strong>\u201d, y adem\u00e1s le dedico el gol \u201c<em>a mi familia que est\u00e1 siempre y a mi novia<\/em>\u201d, cerr\u00f3.<\/p>\n","protected":false},"excerpt":{"rendered":"<p>Yoel Gonz\u00e1lez, autor del tanto de la victoria frente a Estudiantes, habl\u00f3 finalizado el partido y dej\u00f3 sus sensaciones tras<\/p>\n","protected":false},"author":96739694,"featured_media":156599,"comment_status":"closed","ping_status":"closed","sticky":false,"template":"","format":"standard","meta":{"_jetpack_memberships_contains_paid_content":false,"footnotes":""},"categories":[35,1,41],"tags":[],"class_list":["post-137236","post","type-post","status-publish","format-standard","has-post-thumbnail","hentry","category-futbol","category-portada","category-primera-y-reserva"],"jetpack_featured_media_url":"https:\/\/i0.wp.com\/cdnoticias.com\/wp-content\/uploads\/2023\/07\/WhatsApp-Image-2023-07-31-at-19.59.11.jpeg?fit=1280%2C853&ssl=1","jetpack_sharing_enabled":true,"_links":{"self":[{"href":"https:\/\/cdnoticias.com\/index.php\/wp-json\/wp\/v2\/posts\/137236","targetHints":{"allow":["GET"]}}],"collection":[{"href":"https:\/\/cdnoticias.com\/index.php\/wp-json\/wp\/v2\/posts"}],"about":[{"href":"https:\/\/cdnoticias.com\/index.php\/wp-json\/wp\/v2\/types\/post"}],"author":[{"embeddable":true,"href":"https:\/\/cdnoticias.com\/index.php\/wp-json\/wp\/v2\/users\/96739694"}],"replies":[{"embeddable":true,"href":"https:\/\/cdnoticias.com\/index.php\/wp-json\/wp\/v2\/comments?post=137236"}],"version-history":[{"count":0,"href":"https:\/\/cdnoticias.com\/index.php\/wp-json\/wp\/v2\/posts\/137236\/revisions"}],"wp:featuredmedia":[{"embeddable":true,"href":"https:\/\/cdnoticias.com\/index.php\/wp-json\/wp\/v2\/media\/156599"}],"wp:attachment":[{"href":"https:\/\/cdnoticias.com\/index.php\/wp-json\/wp\/v2\/media?parent=137236"}],"wp:term":[{"taxonomy":"category","embeddable":true,"href":"https:\/\/cdnoticias.com\/index.php\/wp-json\/wp\/v2\/categories?post=137236"},{"taxonomy":"post_tag","embeddable":true,"href":"https:\/\/cdnoticias.com\/index.php\/wp-json\/wp\/v2\/tags?post=137236"}],"curies":[{"name":"wp","href":"https:\/\/api.w.org\/{rel}","templated":true}]}}