{"id":137226,"date":"2023-07-29T21:22:12","date_gmt":"2023-07-30T00:22:12","guid":{"rendered":"http:\/\/centraldeportes.com.ar\/?p=39366"},"modified":"2025-02-11T20:45:29","modified_gmt":"2025-02-11T23:45:29","slug":"estudiantes-racing-y-ferro-fueron-los-campeones-del-torneo-de-invierno-fortinero","status":"publish","type":"post","link":"https:\/\/cdnoticias.com\/index.php\/2023\/07\/29\/estudiantes-racing-y-ferro-fueron-los-campeones-del-torneo-de-invierno-fortinero\/","title":{"rendered":"Estudiantes, Racing y Ferro fueron los campeones del Torneo de Invierno \u201cFortinero\u201d"},"content":{"rendered":"<p>Durante toda la jornada sabatina se complet\u00f3 una nueva edici\u00f3n del Torneo de Invierno organizado por la Subcomisi\u00f3n de B\u00e1squet del Club El Fort\u00edn y hubo festejos para Estudiantes y Racing en el masculino y Ferro en femenino.<!--more--><\/p>\n<hr \/>\n<p>El tradicional torneo de receso invernal complet\u00f3 su 8\u00b0 edici\u00f3n y, con la inclusi\u00f3n de la rama femenina, definieron a los nuevos campeones.<\/p>\n<p>&nbsp;<\/p>\n<p>[soliloquy id=&#8221;39368&#8243;]<\/p>\n<p>&nbsp;<\/p>\n<p>Los resultados:<\/p>\n<p>Rama Masculina (en El Fort\u00edn):<\/p>\n<p>U13: Estudiantes 89 \u2013 45 Racing<br \/>\nMVP: Francisco Bahl<\/p>\n<p>U15: Racing &#8220;A&#8221; 36 \u2013 73 Estudiantes<br \/>\nMVP: Gonzalo Aman<\/p>\n<p>U17: Racing &#8220;A&#8221; 61 \u2013 58 Estudiantes<br \/>\nMVP: Ezequiel Enrique<\/p>\n<p>&nbsp;<\/p>\n<p>Rama Femenina (en Ferro)<\/p>\n<p>U13: Ferro 51 \u2013 39 San Mart\u00edn<br \/>\nMVP: Trinidad Casta\u00f1ares<\/p>\n<p>U15: Ferro 54 \u2013 31 Racing<br \/>\nMVP: Camila Loza<\/p>\n","protected":false},"excerpt":{"rendered":"<p>Durante toda la jornada sabatina se complet\u00f3 una nueva edici\u00f3n del Torneo de Invierno organizado por la Subcomisi\u00f3n de B\u00e1squet<\/p>\n","protected":false},"author":96739694,"featured_media":156630,"comment_status":"closed","ping_status":"closed","sticky":false,"template":"","format":"standard","meta":{"_jetpack_memberships_contains_paid_content":false,"footnotes":""},"categories":[31,44,1],"tags":[],"class_list":["post-137226","post","type-post","status-publish","format-standard","has-post-thumbnail","hentry","category-basquet","category-inferiores-basquet","category-portada"],"jetpack_featured_media_url":"https:\/\/i0.wp.com\/cdnoticias.com\/wp-content\/uploads\/2023\/07\/inf-abo-3-2.jpeg?fit=1500%2C1000&ssl=1","jetpack_sharing_enabled":true,"_links":{"self":[{"href":"https:\/\/cdnoticias.com\/index.php\/wp-json\/wp\/v2\/posts\/137226","targetHints":{"allow":["GET"]}}],"collection":[{"href":"https:\/\/cdnoticias.com\/index.php\/wp-json\/wp\/v2\/posts"}],"about":[{"href":"https:\/\/cdnoticias.com\/index.php\/wp-json\/wp\/v2\/types\/post"}],"author":[{"embeddable":true,"href":"https:\/\/cdnoticias.com\/index.php\/wp-json\/wp\/v2\/users\/96739694"}],"replies":[{"embeddable":true,"href":"https:\/\/cdnoticias.com\/index.php\/wp-json\/wp\/v2\/comments?post=137226"}],"version-history":[{"count":0,"href":"https:\/\/cdnoticias.com\/index.php\/wp-json\/wp\/v2\/posts\/137226\/revisions"}],"wp:featuredmedia":[{"embeddable":true,"href":"https:\/\/cdnoticias.com\/index.php\/wp-json\/wp\/v2\/media\/156630"}],"wp:attachment":[{"href":"https:\/\/cdnoticias.com\/index.php\/wp-json\/wp\/v2\/media?parent=137226"}],"wp:term":[{"taxonomy":"category","embeddable":true,"href":"https:\/\/cdnoticias.com\/index.php\/wp-json\/wp\/v2\/categories?post=137226"},{"taxonomy":"post_tag","embeddable":true,"href":"https:\/\/cdnoticias.com\/index.php\/wp-json\/wp\/v2\/tags?post=137226"}],"curies":[{"name":"wp","href":"https:\/\/api.w.org\/{rel}","templated":true}]}}