{"id":137223,"date":"2023-07-29T13:07:14","date_gmt":"2023-07-29T16:07:14","guid":{"rendered":"http:\/\/centraldeportes.com.ar\/?p=39335"},"modified":"2025-02-11T20:45:33","modified_gmt":"2025-02-11T23:45:33","slug":"deportistas-olavarrienses-clasificados-a-mar-del-plata","status":"publish","type":"post","link":"https:\/\/cdnoticias.com\/index.php\/2023\/07\/29\/deportistas-olavarrienses-clasificados-a-mar-del-plata\/","title":{"rendered":"Deportistas olavarrienses, clasificados a Mar del Plata"},"content":{"rendered":"<p>La Etapa Regional de los Juegos Bonaerenses arroj\u00f3 nuevos clasificados olavarrienses a las finales que se llevar\u00e1n a cabo en Mar del Plata tanto de los Juegos Bonaerenses como de los Juegos Nacionales Evita.<!--more--><\/p>\n<hr \/>\n<p>En lo que respecta a la competencia nacional, el \u00faltimo domingo 23 del corriente mes la Pista de Ciclismo de Azul fue sede del selectivo para conocer a las y los integrantes del equipo de Buenos Aires y Olavarr\u00eda cosech\u00f3 tres clasificaciones.<\/p>\n<p>&nbsp;<\/p>\n<p>Cielo Randazzo, quien ya particip\u00f3 de manera destacada en la edici\u00f3n 2022, clasific\u00f3 en Sub14. Tambi\u00e9n en Sub14, pero entre los hombres, clasific\u00f3 Adri\u00e1n Castro y por \u00faltimo, Candela Olalde integrar\u00e1 el equipo de Buenos Aires en la categor\u00eda Sub16. Diego Castro y Bautista Sequeira tambi\u00e9n fueron parte de la delegaci\u00f3n que viaj\u00f3 a la vecina ciudad.<\/p>\n<p>&nbsp;<\/p>\n<p>Adem\u00e1s, este s\u00e1bado se jugar\u00e1 la instancia clasificatoria de boxeo en Lomas de Zamora y estar\u00e1n presentes Iara Benito y Tom\u00e1s Coca en la categor\u00eda Sub16.<\/p>\n<p>&nbsp;<\/p>\n<p>Por otro lado, Olavarr\u00eda tendr\u00e1 6 representantes en Taekwondo en la final de los Juegos Bonaerenses. Todos corresponden a la categor\u00eda Sub16 y se trata de Agustina P\u00e9rez, Lola Urriza, Melody Avalos, M\u00eda Mapis, Joaqu\u00edn Crespo y Enzo Ojeda.<\/p>\n<p>&nbsp;<\/p>\n","protected":false},"excerpt":{"rendered":"<p>La Etapa Regional de los Juegos Bonaerenses arroj\u00f3 nuevos clasificados olavarrienses a las finales que se llevar\u00e1n a cabo en<\/p>\n","protected":false},"author":96739694,"featured_media":156636,"comment_status":"closed","ping_status":"closed","sticky":false,"template":"","format":"standard","meta":{"_jetpack_memberships_contains_paid_content":false,"footnotes":""},"categories":[30,1],"tags":[],"class_list":["post-137223","post","type-post","status-publish","format-standard","has-post-thumbnail","hentry","category-polideportivo","category-portada"],"jetpack_featured_media_url":"https:\/\/i0.wp.com\/cdnoticias.com\/wp-content\/uploads\/2023\/07\/268124161_4629545523828896_8553410310353243331_n.jpg?fit=960%2C639&ssl=1","jetpack_sharing_enabled":true,"_links":{"self":[{"href":"https:\/\/cdnoticias.com\/index.php\/wp-json\/wp\/v2\/posts\/137223","targetHints":{"allow":["GET"]}}],"collection":[{"href":"https:\/\/cdnoticias.com\/index.php\/wp-json\/wp\/v2\/posts"}],"about":[{"href":"https:\/\/cdnoticias.com\/index.php\/wp-json\/wp\/v2\/types\/post"}],"author":[{"embeddable":true,"href":"https:\/\/cdnoticias.com\/index.php\/wp-json\/wp\/v2\/users\/96739694"}],"replies":[{"embeddable":true,"href":"https:\/\/cdnoticias.com\/index.php\/wp-json\/wp\/v2\/comments?post=137223"}],"version-history":[{"count":0,"href":"https:\/\/cdnoticias.com\/index.php\/wp-json\/wp\/v2\/posts\/137223\/revisions"}],"wp:featuredmedia":[{"embeddable":true,"href":"https:\/\/cdnoticias.com\/index.php\/wp-json\/wp\/v2\/media\/156636"}],"wp:attachment":[{"href":"https:\/\/cdnoticias.com\/index.php\/wp-json\/wp\/v2\/media?parent=137223"}],"wp:term":[{"taxonomy":"category","embeddable":true,"href":"https:\/\/cdnoticias.com\/index.php\/wp-json\/wp\/v2\/categories?post=137223"},{"taxonomy":"post_tag","embeddable":true,"href":"https:\/\/cdnoticias.com\/index.php\/wp-json\/wp\/v2\/tags?post=137223"}],"curies":[{"name":"wp","href":"https:\/\/api.w.org\/{rel}","templated":true}]}}