{"id":137218,"date":"2023-07-28T20:41:01","date_gmt":"2023-07-28T23:41:01","guid":{"rendered":"http:\/\/centraldeportes.com.ar\/?p=39311"},"modified":"2025-02-11T20:45:41","modified_gmt":"2025-02-11T23:45:41","slug":"mariano-marina-aseguro-su-continuidad-en-deportivo-viedma","status":"publish","type":"post","link":"https:\/\/cdnoticias.com\/index.php\/2023\/07\/28\/mariano-marina-aseguro-su-continuidad-en-deportivo-viedma\/","title":{"rendered":"Mariano Marina asegur\u00f3 su continuidad en Deportivo Viedma"},"content":{"rendered":"<p>Mariano Marina fue confirmado como jugador de Deportivo Viedma e iniciar\u00e1 su tercera temporada en el equipo de R\u00edo Negro en La Liga Argentina.<!--more--><\/p>\n<hr \/>\n<p>El base olavarriense confirm\u00f3 su continuidad en Deportivo Viedma en las \u00faltimas horas y se transform\u00f3 en el primer jugador confirmado luego de que la entidad anunciara la renovaci\u00f3n de Guillermo Bogliacino a cargo del plantel.<\/p>\n<p>&nbsp;<\/p>\n<p>El olavarriense ocupar\u00e1, por primera vez en su carrera, una ficha mayor y en 78 partidos jugados en Deportivo Viedma, convirti\u00f3 749 puntos. Adem\u00e1s, se consagr\u00f3 campe\u00f3n en la Primera Divisi\u00f3n del b\u00e1squet rionegrino.<\/p>\n","protected":false},"excerpt":{"rendered":"<p>Mariano Marina fue confirmado como jugador de Deportivo Viedma e iniciar\u00e1 su tercera temporada en el equipo de R\u00edo Negro<\/p>\n","protected":false},"author":96739694,"featured_media":153079,"comment_status":"closed","ping_status":"closed","sticky":false,"template":"","format":"standard","meta":{"_jetpack_memberships_contains_paid_content":false,"footnotes":""},"categories":[31,32,1],"tags":[],"class_list":["post-137218","post","type-post","status-publish","format-standard","has-post-thumbnail","hentry","category-basquet","category-liga-argentina","category-portada"],"jetpack_featured_media_url":"https:\/\/i0.wp.com\/cdnoticias.com\/wp-content\/uploads\/2022\/12\/WhatsApp-Image-2022-12-14-at-16.40.08-e1671046878886.jpeg?fit=1072%2C594&ssl=1","jetpack_sharing_enabled":true,"_links":{"self":[{"href":"https:\/\/cdnoticias.com\/index.php\/wp-json\/wp\/v2\/posts\/137218","targetHints":{"allow":["GET"]}}],"collection":[{"href":"https:\/\/cdnoticias.com\/index.php\/wp-json\/wp\/v2\/posts"}],"about":[{"href":"https:\/\/cdnoticias.com\/index.php\/wp-json\/wp\/v2\/types\/post"}],"author":[{"embeddable":true,"href":"https:\/\/cdnoticias.com\/index.php\/wp-json\/wp\/v2\/users\/96739694"}],"replies":[{"embeddable":true,"href":"https:\/\/cdnoticias.com\/index.php\/wp-json\/wp\/v2\/comments?post=137218"}],"version-history":[{"count":0,"href":"https:\/\/cdnoticias.com\/index.php\/wp-json\/wp\/v2\/posts\/137218\/revisions"}],"wp:featuredmedia":[{"embeddable":true,"href":"https:\/\/cdnoticias.com\/index.php\/wp-json\/wp\/v2\/media\/153079"}],"wp:attachment":[{"href":"https:\/\/cdnoticias.com\/index.php\/wp-json\/wp\/v2\/media?parent=137218"}],"wp:term":[{"taxonomy":"category","embeddable":true,"href":"https:\/\/cdnoticias.com\/index.php\/wp-json\/wp\/v2\/categories?post=137218"},{"taxonomy":"post_tag","embeddable":true,"href":"https:\/\/cdnoticias.com\/index.php\/wp-json\/wp\/v2\/tags?post=137218"}],"curies":[{"name":"wp","href":"https:\/\/api.w.org\/{rel}","templated":true}]}}