{"id":137217,"date":"2023-07-28T18:47:41","date_gmt":"2023-07-28T21:47:41","guid":{"rendered":"http:\/\/centraldeportes.com.ar\/?p=39308"},"modified":"2025-02-11T20:43:43","modified_gmt":"2025-02-11T23:43:43","slug":"el-envion-de-victorias-se-corto-en-cuartos-de-final","status":"publish","type":"post","link":"https:\/\/cdnoticias.com\/index.php\/2023\/07\/28\/el-envion-de-victorias-se-corto-en-cuartos-de-final\/","title":{"rendered":"El envi\u00f3n de victorias se cort\u00f3 en cuartos de final"},"content":{"rendered":"<p>Federico Chingotto y \u201cPaquito\u201d Navarro cayeron este viernes frente a la pareja del \u201cGato\u201d Tello y Ale Ruiz y quedaron afuera del certamen malague\u00f1o.<!--more--><\/p>\n<hr \/>\n<p>Culmin\u00f3 el decimocuarto torneo de la temporada de <strong>World Padel Tour<\/strong> para el olavarriense y su par espa\u00f1ol, quienes se presentaron este viernes en la alfombra central del Palacio de los Deportes Martin Carpena para afrontar un duelo clave por los cuartos de final.<\/p>\n<p>&nbsp;<\/p>\n<p>En tal instancia, se cruzaron en el camino contra la dupla del cordob\u00e9s, <strong>Juan Tello<\/strong> y su compa\u00f1ero espa\u00f1ol, <strong>Alejandro Ruiz<\/strong>. Ambos ven\u00edan de eliminar en octavos a Begamini \u2013 Ruiz.<\/p>\n<p>&nbsp;<\/p>\n<p><strong>Fue un partido con altibajos para \u201cChingo\u201d y \u201cPaquito\u201d dentro del 20&#215;10<\/strong>. El primer set fue abajo <strong>5 \u2013 7<\/strong> y luego remontaron con un contundente <strong>6 \u2013 1<\/strong> a su favor, pero un mal arranque en el cap\u00edtulo decisivo los dej\u00f3 sin chances de equipar las acciones, terminaron cediendo <strong>1 \u2013 6<\/strong> y se despidieron del <strong>M\u00e1laga Padel Open<\/strong>.<\/p>\n<p>&nbsp;<\/p>\n<p>El pr\u00f3ximo partido de \u201cFede\u201d ser\u00e1 en suelo argentino con el circuito de la Federaci\u00f3n Internacional de P\u00e1del, que aterrizar\u00e1 en territorio cuyano para celebrar el <strong>Mendoza Premier Padel<\/strong> a realizarse desde el 29 de julio al domingo 6 de agosto.<\/p>\n<p>&nbsp;<\/p>\n<p><em><strong>Foto: World Padel Tour.<\/strong><\/em><\/p>\n","protected":false},"excerpt":{"rendered":"<p>Federico Chingotto y \u201cPaquito\u201d Navarro cayeron este viernes frente a la pareja del \u201cGato\u201d Tello y Ale Ruiz y quedaron<\/p>\n","protected":false},"author":96739694,"featured_media":156532,"comment_status":"closed","ping_status":"closed","sticky":false,"template":"","format":"standard","meta":{"_jetpack_memberships_contains_paid_content":false,"footnotes":""},"categories":[30,1],"tags":[],"class_list":["post-137217","post","type-post","status-publish","format-standard","has-post-thumbnail","hentry","category-polideportivo","category-portada"],"jetpack_featured_media_url":"https:\/\/i0.wp.com\/cdnoticias.com\/wp-content\/uploads\/2023\/07\/Chingotto-Open-de-M%C3%A1laga-cuartos-scaled.jpg?fit=2560%2C1439&ssl=1","jetpack_sharing_enabled":true,"_links":{"self":[{"href":"https:\/\/cdnoticias.com\/index.php\/wp-json\/wp\/v2\/posts\/137217","targetHints":{"allow":["GET"]}}],"collection":[{"href":"https:\/\/cdnoticias.com\/index.php\/wp-json\/wp\/v2\/posts"}],"about":[{"href":"https:\/\/cdnoticias.com\/index.php\/wp-json\/wp\/v2\/types\/post"}],"author":[{"embeddable":true,"href":"https:\/\/cdnoticias.com\/index.php\/wp-json\/wp\/v2\/users\/96739694"}],"replies":[{"embeddable":true,"href":"https:\/\/cdnoticias.com\/index.php\/wp-json\/wp\/v2\/comments?post=137217"}],"version-history":[{"count":0,"href":"https:\/\/cdnoticias.com\/index.php\/wp-json\/wp\/v2\/posts\/137217\/revisions"}],"wp:featuredmedia":[{"embeddable":true,"href":"https:\/\/cdnoticias.com\/index.php\/wp-json\/wp\/v2\/media\/156532"}],"wp:attachment":[{"href":"https:\/\/cdnoticias.com\/index.php\/wp-json\/wp\/v2\/media?parent=137217"}],"wp:term":[{"taxonomy":"category","embeddable":true,"href":"https:\/\/cdnoticias.com\/index.php\/wp-json\/wp\/v2\/categories?post=137217"},{"taxonomy":"post_tag","embeddable":true,"href":"https:\/\/cdnoticias.com\/index.php\/wp-json\/wp\/v2\/tags?post=137217"}],"curies":[{"name":"wp","href":"https:\/\/api.w.org\/{rel}","templated":true}]}}