{"id":137211,"date":"2023-07-27T20:27:19","date_gmt":"2023-07-27T23:27:19","guid":{"rendered":"http:\/\/centraldeportes.com.ar\/?p=39267"},"modified":"2025-02-11T20:43:55","modified_gmt":"2025-02-11T23:43:55","slug":"deportistas-del-bata-en-selectivos-y-preselectivos-de-la-fth","status":"publish","type":"post","link":"https:\/\/cdnoticias.com\/index.php\/2023\/07\/27\/deportistas-del-bata-en-selectivos-y-preselectivos-de-la-fth\/","title":{"rendered":"Deportistas del \u201cBata\u201d en selectivos y preselectivos de la FTH"},"content":{"rendered":"<p>La Federaci\u00f3n Tandilense de Hockey sigue afinando sus equipos de cara a los Argentinos de Selecciones de cada categor\u00eda y en cada equipo hay mucha presencia de jugadores y jugadoras de Estudiantes.<!--more--><\/p>\n<hr \/>\n<p>En la categor\u00eda Sub14, Nicol\u00e1s Pane es el entrenador y ya defini\u00f3 que integren el equipo Francisco Amoroso Alcaza, Pietro Zucchiatti, Felipe Quiroz, Lucio Scarafiocca, Bruno Cominotto, Francisco Vallades, Valent\u00edn Andraca y Tom\u00e1s Pistasoli de cara a lo que ser\u00e1 el certamen a disputarse en Buenos Aires del 23 al 27 de agosto.<\/p>\n<p>&nbsp;<\/p>\n<p>En tanto que las Damas Sub14 siguen con los entrenamientos preselectivos y a\u00fan queda un corte a la espera de la confirmaci\u00f3n de la fecha y el lugar para el Argentino. Las preseleccionadas de Estudiantes son Catalina Desiderio, Mercedes Olivieri, Ema Ram\u00edrez, Milagros Amoroso Alcaza, Elena Arcumano e Ignacia Arouxet.<\/p>\n<p>&nbsp;<\/p>\n<p>En la categor\u00eda Sub16 de Damas, que tiene nutrida presencia local, hay dos equipos, uno que, junto a los caballeros, jugar\u00e1 el Nacional en Mendoza desde el 2 al 6 de agosto pr\u00f3ximo y el otro elenco jugar\u00e1 un Torneo Provincial del 10 al 13.<\/p>\n<p>&nbsp;<\/p>\n<p>Victoria Meira, Clara Fern\u00e1ndez Sanz, Bianca Olivieri, Malena Grosso, Teresa Arouxet y Emilia Martinez Amoroso, con Francisco Amoroso como entrenador son parte del equipo A y en el B est\u00e1n confirmadas Delfina Galli, Lara Ram\u00edrez y Matilda Carricart.<\/p>\n<p>&nbsp;<\/p>\n<p>Por el lado de los Caballeros Sub 16 confirmados jugar\u00e1n el Argentino, Gino Arcumano, Jordi Brown, Bautista Faure, Pedro Escobar, Matteo Verucchi y Vicente Damanins.<\/p>\n","protected":false},"excerpt":{"rendered":"<p>La Federaci\u00f3n Tandilense de Hockey sigue afinando sus equipos de cara a los Argentinos de Selecciones de cada categor\u00eda y<\/p>\n","protected":false},"author":96739694,"featured_media":156547,"comment_status":"closed","ping_status":"closed","sticky":false,"template":"","format":"standard","meta":{"_jetpack_memberships_contains_paid_content":false,"footnotes":""},"categories":[30,1],"tags":[],"class_list":["post-137211","post","type-post","status-publish","format-standard","has-post-thumbnail","hentry","category-polideportivo","category-portada"],"jetpack_featured_media_url":"https:\/\/i0.wp.com\/cdnoticias.com\/wp-content\/uploads\/2023\/07\/362237717_767132335417460_8027430743761555070_n-e1690500427281.jpg?fit=1407%2C878&ssl=1","jetpack_sharing_enabled":true,"_links":{"self":[{"href":"https:\/\/cdnoticias.com\/index.php\/wp-json\/wp\/v2\/posts\/137211","targetHints":{"allow":["GET"]}}],"collection":[{"href":"https:\/\/cdnoticias.com\/index.php\/wp-json\/wp\/v2\/posts"}],"about":[{"href":"https:\/\/cdnoticias.com\/index.php\/wp-json\/wp\/v2\/types\/post"}],"author":[{"embeddable":true,"href":"https:\/\/cdnoticias.com\/index.php\/wp-json\/wp\/v2\/users\/96739694"}],"replies":[{"embeddable":true,"href":"https:\/\/cdnoticias.com\/index.php\/wp-json\/wp\/v2\/comments?post=137211"}],"version-history":[{"count":0,"href":"https:\/\/cdnoticias.com\/index.php\/wp-json\/wp\/v2\/posts\/137211\/revisions"}],"wp:featuredmedia":[{"embeddable":true,"href":"https:\/\/cdnoticias.com\/index.php\/wp-json\/wp\/v2\/media\/156547"}],"wp:attachment":[{"href":"https:\/\/cdnoticias.com\/index.php\/wp-json\/wp\/v2\/media?parent=137211"}],"wp:term":[{"taxonomy":"category","embeddable":true,"href":"https:\/\/cdnoticias.com\/index.php\/wp-json\/wp\/v2\/categories?post=137211"},{"taxonomy":"post_tag","embeddable":true,"href":"https:\/\/cdnoticias.com\/index.php\/wp-json\/wp\/v2\/tags?post=137211"}],"curies":[{"name":"wp","href":"https:\/\/api.w.org\/{rel}","templated":true}]}}