{"id":13721,"date":"2021-02-14T10:29:23","date_gmt":"2021-02-14T13:29:23","guid":{"rendered":"http:\/\/www.centraldenoticias.com.ar\/?p=13721"},"modified":"2021-02-14T11:57:33","modified_gmt":"2021-02-14T14:57:33","slug":"olavarria-en-zona-de-alerta-amarillo-por-tormentas","status":"publish","type":"post","link":"https:\/\/cdnoticias.com\/index.php\/2021\/02\/14\/olavarria-en-zona-de-alerta-amarillo-por-tormentas\/","title":{"rendered":"Olavarr\u00eda en zona de alerta &#8220;amarillo&#8221; por tormentas"},"content":{"rendered":"<p>La comunicaci\u00f3n fue emitida desde el Servicio Meteorol\u00f3gico Nacional y pronosticada para la tarde de este domingo.<!--more--><\/p>\n<hr \/>\n<p><strong>Olavarr\u00eda, al igual que partidos vecinos como La Madrid y Laprida, se encuentran dentro del \u00e1rea de cobertura de un alerta \u201camarillo\u201d por tormenta<\/strong>s. La comunicaci\u00f3n advierte que las condiciones clim\u00e1ticas empeorar\u00edan con el arribo de la tarde de este domingo.<\/p>\n<p>&nbsp;<\/p>\n<figure id=\"attachment_13722\" aria-describedby=\"caption-attachment-13722\" style=\"width: 800px\" class=\"wp-caption alignnone\"><img data-recalc-dims=\"1\" loading=\"lazy\" decoding=\"async\" class=\"wp-image-13722 size-large\" src=\"https:\/\/i0.wp.com\/cdnoticias.com\/wp-content\/uploads\/2021\/02\/pronostrico.jpg?resize=800%2C320&#038;ssl=1\" alt=\"\" width=\"800\" height=\"320\" srcset=\"https:\/\/i0.wp.com\/cdnoticias.com\/wp-content\/uploads\/2021\/02\/pronostrico.jpg?resize=1024%2C410&amp;ssl=1 1024w, https:\/\/i0.wp.com\/cdnoticias.com\/wp-content\/uploads\/2021\/02\/pronostrico.jpg?resize=300%2C120&amp;ssl=1 300w, https:\/\/i0.wp.com\/cdnoticias.com\/wp-content\/uploads\/2021\/02\/pronostrico.jpg?resize=768%2C308&amp;ssl=1 768w, https:\/\/i0.wp.com\/cdnoticias.com\/wp-content\/uploads\/2021\/02\/pronostrico.jpg?w=1268&amp;ssl=1 1268w\" sizes=\"auto, (max-width: 800px) 100vw, 800px\" \/><figcaption id=\"caption-attachment-13722\" class=\"wp-caption-text\">Captura de pantalla del sitio del Servicio Meteorol\u00f3gico Nacional<\/figcaption><\/figure>\n<p>&nbsp;<\/p>\n<p>\u201c<strong>El \u00e1rea ser\u00e1 afectada por lluvias y tormentas de variada intensidad<\/strong>, algunas podr\u00e1n ser fuertes y estar acompa\u00f1adas por abundante ca\u00edda de agua en cortos per\u00edodos, y <strong>ocasionalmente por intensas r\u00e1fagas y ca\u00edda de granizo<\/strong>. Se estiman valores de precipitaci\u00f3n acumulada entre 15 y 40 mm, pudiendo ser superados en forma puntual\u201d, se detall\u00f3 debajo de un gr\u00e1fico en el que puede verse que el alerta cesar\u00e1 en la noche.<\/p>\n<p>&nbsp;<\/p>\n<p>Siguiendo con las previsiones del Servicio Meteorol\u00f3gico Nacional para Olavarr\u00eda puede verse que <strong>para la noche del domingo est\u00e1 pronosticado un incremento en la velocidad de los vientos, con r\u00e1fagas que podr\u00edan llegar a los 50 kil\u00f3metros en la hora<\/strong>.<\/p>\n<p>&nbsp;<\/p>\n<p><img data-recalc-dims=\"1\" loading=\"lazy\" decoding=\"async\" class=\"alignnone size-large wp-image-13724\" src=\"https:\/\/i0.wp.com\/cdnoticias.com\/wp-content\/uploads\/2021\/02\/pronos-1.jpg?resize=800%2C312&#038;ssl=1\" alt=\"\" width=\"800\" height=\"312\" srcset=\"https:\/\/i0.wp.com\/cdnoticias.com\/wp-content\/uploads\/2021\/02\/pronos-1.jpg?resize=1024%2C399&amp;ssl=1 1024w, https:\/\/i0.wp.com\/cdnoticias.com\/wp-content\/uploads\/2021\/02\/pronos-1.jpg?resize=300%2C117&amp;ssl=1 300w, https:\/\/i0.wp.com\/cdnoticias.com\/wp-content\/uploads\/2021\/02\/pronos-1.jpg?resize=768%2C299&amp;ssl=1 768w, https:\/\/i0.wp.com\/cdnoticias.com\/wp-content\/uploads\/2021\/02\/pronos-1.jpg?w=1154&amp;ssl=1 1154w\" sizes=\"auto, (max-width: 800px) 100vw, 800px\" \/><\/p>\n<p>&nbsp;<\/p>\n<p>A la par, <strong>el lunes deber\u00e1n seguir los recaudos por el vient<\/strong>o, ya que para la madrugada se prev\u00e9 que las r\u00e1fagas puedan estar cercanas a los 60 kil\u00f3metros en la hora, valores que disminuir\u00e1n con el arribo de la ma\u00f1ana y, m\u00e1s a\u00fan, la tarde. <strong>La probabilidad de lluvias es baja y la temperatura m\u00e1xima estar\u00e1 en los 27 grados.<\/strong><\/p>\n<p>&nbsp;<\/p>\n<p>Por \u00faltimo, <strong>para el martes no se prev\u00e9n precipitaciones<\/strong> con una m\u00e1xima estimada en los 28 grados y una m\u00ednima en torno a los 13\u00b0.<\/p>\n","protected":false},"excerpt":{"rendered":"<p>La comunicaci\u00f3n fue emitida desde el Servicio Meteorol\u00f3gico Nacional y pronosticada para la tarde de este domingo.<\/p>\n","protected":false},"author":3,"featured_media":13723,"comment_status":"closed","ping_status":"closed","sticky":false,"template":"","format":"standard","meta":{"_jetpack_memberships_contains_paid_content":false,"footnotes":""},"categories":[5,1],"tags":[],"class_list":["post-13721","post","type-post","status-publish","format-standard","has-post-thumbnail","hentry","category-informacion-general","category-portada"],"jetpack_featured_media_url":"https:\/\/i0.wp.com\/cdnoticias.com\/wp-content\/uploads\/2021\/02\/portada-pronos.jpg?fit=800%2C481&ssl=1","jetpack_sharing_enabled":true,"_links":{"self":[{"href":"https:\/\/cdnoticias.com\/index.php\/wp-json\/wp\/v2\/posts\/13721","targetHints":{"allow":["GET"]}}],"collection":[{"href":"https:\/\/cdnoticias.com\/index.php\/wp-json\/wp\/v2\/posts"}],"about":[{"href":"https:\/\/cdnoticias.com\/index.php\/wp-json\/wp\/v2\/types\/post"}],"author":[{"embeddable":true,"href":"https:\/\/cdnoticias.com\/index.php\/wp-json\/wp\/v2\/users\/3"}],"replies":[{"embeddable":true,"href":"https:\/\/cdnoticias.com\/index.php\/wp-json\/wp\/v2\/comments?post=13721"}],"version-history":[{"count":0,"href":"https:\/\/cdnoticias.com\/index.php\/wp-json\/wp\/v2\/posts\/13721\/revisions"}],"wp:featuredmedia":[{"embeddable":true,"href":"https:\/\/cdnoticias.com\/index.php\/wp-json\/wp\/v2\/media\/13723"}],"wp:attachment":[{"href":"https:\/\/cdnoticias.com\/index.php\/wp-json\/wp\/v2\/media?parent=13721"}],"wp:term":[{"taxonomy":"category","embeddable":true,"href":"https:\/\/cdnoticias.com\/index.php\/wp-json\/wp\/v2\/categories?post=13721"},{"taxonomy":"post_tag","embeddable":true,"href":"https:\/\/cdnoticias.com\/index.php\/wp-json\/wp\/v2\/tags?post=13721"}],"curies":[{"name":"wp","href":"https:\/\/api.w.org\/{rel}","templated":true}]}}