{"id":137205,"date":"2023-07-26T23:24:08","date_gmt":"2023-07-27T02:24:08","guid":{"rendered":"http:\/\/centraldeportes.com.ar\/?p=39240"},"modified":"2025-02-11T20:44:05","modified_gmt":"2025-02-11T23:44:05","slug":"la-primera-b-empezo-a-completar-pendientes","status":"publish","type":"post","link":"https:\/\/cdnoticias.com\/index.php\/2023\/07\/26\/la-primera-b-empezo-a-completar-pendientes\/","title":{"rendered":"La Primera B empez\u00f3 a completar pendientes"},"content":{"rendered":"<p>Luego de la suspensi\u00f3n del pasado domingo por las malas condiciones clim\u00e1ticas, este mi\u00e9rcoles hubo dos duelos del Torneo Oficial de la Primera B.<\/p>\n<p><!--more--><\/p>\n<hr \/>\n<p>El segundo torneo del a\u00f1o que otorga ascenso a la Primera Divisi\u00f3n complet\u00f3 dos partidos m\u00e1s de la 7\u00b0 fecha en dos escenarios luego de que la lluvia ca\u00edda en la jornada del s\u00e1bado hiciera imposible el desarrollo de la actividad en los terrenos de Villa Mi Serran\u00eda, Santa \u00c1gueda y La Tradici\u00f3n.<\/p>\n<p>&nbsp;<\/p>\n<p>[soliloquy id=&#8221;39233&#8243;]<\/p>\n<p>&nbsp;<\/p>\n<p>Tras el empate en el \u00fanico partido de la jornada dominical, hubo triunfos para Mu\u00f1oz que sigue como escolta e igualdad entre Villa Magdalena e Independiente a la espera del cierre de la fecha en la noche del jueves.<\/p>\n<p>&nbsp;<\/p>\n<h6><strong>Los resultados:<\/strong><\/h6>\n<p>&nbsp;<\/p>\n<h6>En Primera:<\/h6>\n<p>Villa Magdalena <strong>2 \u2013 2<\/strong>\u00a0Independiente<\/p>\n<p>Mu\u00f1oz <strong>2 \u2013 1<\/strong> San Lorenzo<\/p>\n<p>Colonias y Cerros \u2013 Recalde (jueves 21:00)<\/p>\n<p>&nbsp;<\/p>\n<h6>En Reserva:<\/h6>\n<p>Villa Magdalena <strong>3 \u2013 6<\/strong> Independiente<\/p>\n<p>Mu\u00f1oz <strong>2 \u2013 3<\/strong> San Lorenzo<\/p>\n<p>Colonias y Cerros \u2013 Recalde (jueves 19:00)<\/p>\n","protected":false},"excerpt":{"rendered":"<p>Luego de la suspensi\u00f3n del pasado domingo por las malas condiciones clim\u00e1ticas, este mi\u00e9rcoles hubo dos duelos del Torneo Oficial<\/p>\n","protected":false},"author":96739694,"featured_media":156560,"comment_status":"closed","ping_status":"closed","sticky":false,"template":"","format":"standard","meta":{"_jetpack_memberships_contains_paid_content":false,"footnotes":""},"categories":[35,1,41],"tags":[],"class_list":["post-137205","post","type-post","status-publish","format-standard","has-post-thumbnail","hentry","category-futbol","category-portada","category-primera-y-reserva"],"jetpack_featured_media_url":"https:\/\/i0.wp.com\/cdnoticias.com\/wp-content\/uploads\/2023\/07\/primer-ab-1.jpeg?fit=1280%2C853&ssl=1","jetpack_sharing_enabled":true,"_links":{"self":[{"href":"https:\/\/cdnoticias.com\/index.php\/wp-json\/wp\/v2\/posts\/137205","targetHints":{"allow":["GET"]}}],"collection":[{"href":"https:\/\/cdnoticias.com\/index.php\/wp-json\/wp\/v2\/posts"}],"about":[{"href":"https:\/\/cdnoticias.com\/index.php\/wp-json\/wp\/v2\/types\/post"}],"author":[{"embeddable":true,"href":"https:\/\/cdnoticias.com\/index.php\/wp-json\/wp\/v2\/users\/96739694"}],"replies":[{"embeddable":true,"href":"https:\/\/cdnoticias.com\/index.php\/wp-json\/wp\/v2\/comments?post=137205"}],"version-history":[{"count":0,"href":"https:\/\/cdnoticias.com\/index.php\/wp-json\/wp\/v2\/posts\/137205\/revisions"}],"wp:featuredmedia":[{"embeddable":true,"href":"https:\/\/cdnoticias.com\/index.php\/wp-json\/wp\/v2\/media\/156560"}],"wp:attachment":[{"href":"https:\/\/cdnoticias.com\/index.php\/wp-json\/wp\/v2\/media?parent=137205"}],"wp:term":[{"taxonomy":"category","embeddable":true,"href":"https:\/\/cdnoticias.com\/index.php\/wp-json\/wp\/v2\/categories?post=137205"},{"taxonomy":"post_tag","embeddable":true,"href":"https:\/\/cdnoticias.com\/index.php\/wp-json\/wp\/v2\/tags?post=137205"}],"curies":[{"name":"wp","href":"https:\/\/api.w.org\/{rel}","templated":true}]}}