{"id":137204,"date":"2023-07-26T22:36:25","date_gmt":"2023-07-27T01:36:25","guid":{"rendered":"http:\/\/centraldeportes.com.ar\/?p=39229"},"modified":"2025-02-11T20:44:06","modified_gmt":"2025-02-11T23:44:06","slug":"la-copa-de-invierno-bataraz-inicia-con-instancias-decisivas","status":"publish","type":"post","link":"https:\/\/cdnoticias.com\/index.php\/2023\/07\/26\/la-copa-de-invierno-bataraz-inicia-con-instancias-decisivas\/","title":{"rendered":"La Copa de Invierno Bataraz inicia con instancias decisivas"},"content":{"rendered":"<p>Este mi\u00e9rcoles, en las diferentes canchas dispuestas para la ocasi\u00f3n, se completaron los primeros tres d\u00edas de la Copa de Invierno del Club Estudiantes y se conocieron los clasificados a los Play-Off.<!--more--><\/p>\n<hr \/>\n<p>La 10\u00b0 edici\u00f3n del certamen organizado por la Subcomisi\u00f3n de F\u00fatbol Menor del Club Estudiantes que recibi\u00f3 a todos los clubes locales y varias entidades de la regi\u00f3n, complet\u00f3 la primera parte de la competencia y desde el jueves 27 al s\u00e1bado 29 se disputar\u00e1n los cuartos de final, semifinales y finales respectivamente.<\/p>\n<p>&nbsp;<\/p>\n<p>Los cruces de Cuartos de Final:<\/p>\n<p>En 2009:<br \/>\nEl Fort\u00edn \u2013 Alumni<br \/>\nEmbajadores \u2013 Cadetes<br \/>\nRacing \u2013 Ferro<br \/>\nEmpleados \u2013 Independiente<\/p>\n<p>En 2010:<br \/>\nCadetes \u2013 Estudiantes<br \/>\nEmbajadores \u2013 El Fort\u00edn<br \/>\nAzul Athletic \u2013 Racing<br \/>\nFerro \u2013 Alumni<\/p>\n<p>En 2011:<br \/>\nEmbajadores \u2013 Ferro<br \/>\nAlumni \u2013 Municipales<br \/>\nRacing \u2013 El Fort\u00edn<br \/>\nCadetes \u2013 Azul Athletic<\/p>\n","protected":false},"excerpt":{"rendered":"<p>Este mi\u00e9rcoles, en las diferentes canchas dispuestas para la ocasi\u00f3n, se completaron los primeros tres d\u00edas de la Copa de<\/p>\n","protected":false},"author":96739694,"featured_media":156562,"comment_status":"closed","ping_status":"closed","sticky":false,"template":"","format":"standard","meta":{"_jetpack_memberships_contains_paid_content":false,"footnotes":""},"categories":[35,40,1],"tags":[],"class_list":["post-137204","post","type-post","status-publish","format-standard","has-post-thumbnail","hentry","category-futbol","category-inferiores","category-portada"],"jetpack_featured_media_url":"https:\/\/i0.wp.com\/cdnoticias.com\/wp-content\/uploads\/2023\/07\/363341795_770381615092532_6343014565178424171_n-e1690421769657.jpg?fit=1592%2C964&ssl=1","jetpack_sharing_enabled":true,"_links":{"self":[{"href":"https:\/\/cdnoticias.com\/index.php\/wp-json\/wp\/v2\/posts\/137204","targetHints":{"allow":["GET"]}}],"collection":[{"href":"https:\/\/cdnoticias.com\/index.php\/wp-json\/wp\/v2\/posts"}],"about":[{"href":"https:\/\/cdnoticias.com\/index.php\/wp-json\/wp\/v2\/types\/post"}],"author":[{"embeddable":true,"href":"https:\/\/cdnoticias.com\/index.php\/wp-json\/wp\/v2\/users\/96739694"}],"replies":[{"embeddable":true,"href":"https:\/\/cdnoticias.com\/index.php\/wp-json\/wp\/v2\/comments?post=137204"}],"version-history":[{"count":0,"href":"https:\/\/cdnoticias.com\/index.php\/wp-json\/wp\/v2\/posts\/137204\/revisions"}],"wp:featuredmedia":[{"embeddable":true,"href":"https:\/\/cdnoticias.com\/index.php\/wp-json\/wp\/v2\/media\/156562"}],"wp:attachment":[{"href":"https:\/\/cdnoticias.com\/index.php\/wp-json\/wp\/v2\/media?parent=137204"}],"wp:term":[{"taxonomy":"category","embeddable":true,"href":"https:\/\/cdnoticias.com\/index.php\/wp-json\/wp\/v2\/categories?post=137204"},{"taxonomy":"post_tag","embeddable":true,"href":"https:\/\/cdnoticias.com\/index.php\/wp-json\/wp\/v2\/tags?post=137204"}],"curies":[{"name":"wp","href":"https:\/\/api.w.org\/{rel}","templated":true}]}}