{"id":137203,"date":"2023-07-26T21:38:53","date_gmt":"2023-07-27T00:38:53","guid":{"rendered":"http:\/\/centraldeportes.com.ar\/?p=39225"},"modified":"2025-02-11T20:44:07","modified_gmt":"2025-02-11T23:44:07","slug":"el-programa-futuro-2028-en-el-macro-es-un-sueno-cumplido","status":"publish","type":"post","link":"https:\/\/cdnoticias.com\/index.php\/2023\/07\/26\/el-programa-futuro-2028-en-el-macro-es-un-sueno-cumplido\/","title":{"rendered":"El Programa Futuro 2028 en el Macro: &#8220;Es un sue\u00f1o cumplido&#8221;"},"content":{"rendered":"<p>En ocasi\u00f3n de la Concentraci\u00f3n Nacional de Menores femenino de handball en Estudiantes, Eduardo Gallardo arrib\u00f3 a Olavarr\u00eda y este mi\u00e9rcoles se realiz\u00f3 una conferencia de prensa.<!--more--><\/p>\n<hr \/>\n<p>Durante tres d\u00edas el Macrogimnasio albergar\u00e1 a 42 jugadoras de todo el pa\u00eds para conformar los equipos que participar\u00e1n del Sur-Centro en octubre pr\u00f3ximo y hubo tiempo para brindar detalles sobre el proyecto, sobre el avance de la disciplina en la entidad y el ambicioso proyecto de lograr el piso de madera flotante para gimnasio m\u00e1s nuevo en el Parque Guerrero.<\/p>\n<p>&nbsp;<\/p>\n<p>Estuvieron presentes Eduardo \u201cDady\u201d Gallardo, entrenador de handball que dirigi\u00f3 a la Selecci\u00f3n Masculina argentina desde 2008 hasta 2017 y que actualmente coordina el programa de la Confederaci\u00f3n Argentina de Handball Futuro 2028; el presidente del CAE, Juan Emilio Incaurgarat, el Director de Deportes de la Municipalidad de Olavarr\u00eda, Juan Agust\u00edn Galli; el coordinador de Handball del CAE, Rodrigo Rom\u00e1n, y el dirigente de esta disciplina Walter Echeverr\u00eda.<\/p>\n<p>&nbsp;<\/p>\n<p>Fue este \u00faltimo quien abri\u00f3 la conferencia: \u201c<em>El a\u00f1o pasado nos acompa\u00f1aron y este a\u00f1o volvieron a elegirnos, con lo cual para nosotros es un orgullo\u201d y agreg\u00f3 que \u201cnos sentimos muy respaldados, tanto por el club que desde el primer lugar se abri\u00f3 a que la disciplina se establezca ac\u00e1, como por la Municipalidad que siempre nos acompa\u00f1a<\/em>\u201d.<\/p>\n<p>&nbsp;<\/p>\n<p><img data-recalc-dims=\"1\" loading=\"lazy\" decoding=\"async\" class=\"alignnone size-full wp-image-39227\" src=\"https:\/\/i0.wp.com\/centraldeportes.com.ar\/wp-content\/uploads\/2023\/07\/handball-2.jpg?resize=800%2C533\" alt=\"\" width=\"800\" height=\"533\" \/><\/p>\n<p>&nbsp;<\/p>\n<p>En este sentido, Incaurgarat mencion\u00f3 el hecho de que \u201c<em>por segundo a\u00f1o recibamos a la Confederaci\u00f3n, y a Dady, demuestra que como instituci\u00f3n hemos dado las herramientas necesarias a nuestra gente, ya sean dirigentes o profesores, que les permita crecer y esto la Confederaci\u00f3n lo observ\u00f3<\/em>\u201d. Agradeci\u00f3 nuevamente la presencia y remarc\u00f3 que las puertas del club \u201csiempre est\u00e1n abiertas\u201d.<\/p>\n<p>&nbsp;<\/p>\n<p>El ex entrenador de la selecci\u00f3n respecto del programa Futuro 2028 explic\u00f3 que adem\u00e1s del entrenamiento de alto nivel, \u201c<em>trabajar con los chicos en transmitir valores y que el \u00fanico camino es el sacrificio, la disciplina y tratar de cumplir los sue\u00f1os. Y si no les toca estar en la selecci\u00f3n, porque van a llegar muy pocos, que entiendan que lo importante es haber dejado todo para hacerlo<\/em>\u201d.<\/p>\n<p>&nbsp;<\/p>\n<p>Por su parte, Juan Agust\u00edn Galli, agradeci\u00f3 en nombre del intendente que la Confederaci\u00f3n haya elegido la ciudad para entrenar y valor\u00f3 el trabajo en equipo con los clubes para fortalecer el deporte y Rodrigo Rom\u00e1n, coordinador del deporte e integrante del staff de Futuro 2028 asegur\u00f3: &#8220;<em>El desaf\u00edo desde el inicio fue hacerlo funcionar, no promet\u00ed nada, solo puse objetivos que fuimos cumpliendo y ahora sumamos nuevos, pero de a poquito vamos cosechando lo que trabajamos y que hoy este Dady ac\u00e1 es un sue\u00f1o cumplido<\/em>\u201d.<\/p>\n","protected":false},"excerpt":{"rendered":"<p>En ocasi\u00f3n de la Concentraci\u00f3n Nacional de Menores femenino de handball en Estudiantes, Eduardo Gallardo arrib\u00f3 a Olavarr\u00eda y este<\/p>\n","protected":false},"author":96739694,"featured_media":156565,"comment_status":"closed","ping_status":"closed","sticky":false,"template":"","format":"standard","meta":{"_jetpack_memberships_contains_paid_content":false,"footnotes":""},"categories":[30,1],"tags":[],"class_list":["post-137203","post","type-post","status-publish","format-standard","has-post-thumbnail","hentry","category-polideportivo","category-portada"],"jetpack_featured_media_url":"https:\/\/i0.wp.com\/cdnoticias.com\/wp-content\/uploads\/2023\/07\/handball-1.jpg?fit=1280%2C853&ssl=1","jetpack_sharing_enabled":true,"_links":{"self":[{"href":"https:\/\/cdnoticias.com\/index.php\/wp-json\/wp\/v2\/posts\/137203","targetHints":{"allow":["GET"]}}],"collection":[{"href":"https:\/\/cdnoticias.com\/index.php\/wp-json\/wp\/v2\/posts"}],"about":[{"href":"https:\/\/cdnoticias.com\/index.php\/wp-json\/wp\/v2\/types\/post"}],"author":[{"embeddable":true,"href":"https:\/\/cdnoticias.com\/index.php\/wp-json\/wp\/v2\/users\/96739694"}],"replies":[{"embeddable":true,"href":"https:\/\/cdnoticias.com\/index.php\/wp-json\/wp\/v2\/comments?post=137203"}],"version-history":[{"count":0,"href":"https:\/\/cdnoticias.com\/index.php\/wp-json\/wp\/v2\/posts\/137203\/revisions"}],"wp:featuredmedia":[{"embeddable":true,"href":"https:\/\/cdnoticias.com\/index.php\/wp-json\/wp\/v2\/media\/156565"}],"wp:attachment":[{"href":"https:\/\/cdnoticias.com\/index.php\/wp-json\/wp\/v2\/media?parent=137203"}],"wp:term":[{"taxonomy":"category","embeddable":true,"href":"https:\/\/cdnoticias.com\/index.php\/wp-json\/wp\/v2\/categories?post=137203"},{"taxonomy":"post_tag","embeddable":true,"href":"https:\/\/cdnoticias.com\/index.php\/wp-json\/wp\/v2\/tags?post=137203"}],"curies":[{"name":"wp","href":"https:\/\/api.w.org\/{rel}","templated":true}]}}