{"id":137194,"date":"2023-07-24T23:20:00","date_gmt":"2023-07-25T02:20:00","guid":{"rendered":"http:\/\/centraldeportes.com.ar\/?p=39180"},"modified":"2025-02-11T20:44:25","modified_gmt":"2025-02-11T23:44:25","slug":"divisional-b-se-jugo-un-solo-cruce-y-los-demas-iran-en-la-semana","status":"publish","type":"post","link":"https:\/\/cdnoticias.com\/index.php\/2023\/07\/24\/divisional-b-se-jugo-un-solo-cruce-y-los-demas-iran-en-la-semana\/","title":{"rendered":"Divisional B: se jug\u00f3 un solo cruce y los dem\u00e1s ir\u00e1n en la semana"},"content":{"rendered":"<p>La 7\u00b0 fecha del Torneo Oficial se disput\u00f3 de manera desdoblada por el mal estado de las canchas tras la lluvia del s\u00e1bado. En el \u00fanico duelo que se jug\u00f3, Crotto y Pueyrred\u00f3n repartieron puntos.<!--more--><\/p>\n<hr \/>\n<p>Durante la tarde del \u00faltimo domingo, el segundo torneo de la <strong>Primera B<\/strong> organizado por la <strong>Liga de F\u00fatbol de Olavarr\u00eda<\/strong> celebr\u00f3 solo un partido correspondiente a la <strong>7\u00b0 cita del Torneo Oficial<\/strong>.<\/p>\n<p>&nbsp;<\/p>\n<p>Es que <strong>la lluvia ca\u00edda en la jornada del s\u00e1bado hizo imposible el desarrollo de la actividad<\/strong> en los terrenos de Villa Mi Serran\u00eda, Santa \u00c1gueda y La Tradici\u00f3n, por lo que <strong>tres de los cuatro enfrentamientos debieron ser reprogramados<\/strong> y se jugar\u00e1n a lo largo de la semana.<\/p>\n<p>&nbsp;<\/p>\n<p>En el que s\u00ed rod\u00f3 la pelota, <strong>Crotto<\/strong> recibi\u00f3 en su cancha a <strong>Pueyrred\u00f3n<\/strong> y hubo acci\u00f3n en las dos categor\u00edas. <strong>En Primera fue empate 2 a 2<\/strong>, con goles de <strong>Franco Daffara y Mauricio Milanessi <\/strong>para el local, mientras que <strong>Mat\u00edas Campos y Alejandro Martinez <\/strong>convirtieron en la visita. A la par, <strong>en Reserva, festej\u00f3 el \u201cCeleste\u201d con triunfo 2 a 1 <\/strong>sobre el Centro Deportivo.<\/p>\n<p>&nbsp;<\/p>\n<h6><strong>Reprogramaci\u00f3n de la 7\u00b0 fecha:<\/strong><\/h6>\n<p>&nbsp;<\/p>\n<h6>Mi\u00e9rcoles 26\/07<\/h6>\n<p>En Ferro: <strong>Mu\u00f1oz \u2013 Sociedad de Fomento San Lorenzo<\/strong> (18:00 hrs. Reserva y 20:00 hrs. Primera)<\/p>\n<p>En La Tradici\u00f3n: <strong>Villa Magdalena \u2013 Independiente (Colonia San Miguel)<\/strong> (19:00 hrs. Reserva y 21:00 hrs. Primera)<\/p>\n<p>&nbsp;<\/p>\n<h6>Jueves 27\/07<\/h6>\n<p>En Ferro: <strong>Colonias y Cerros \u2013 Recalde<\/strong> (19:15 hrs. Reserva y 21:15 hrs. Primera)<\/p>\n<p>&nbsp;<\/p>\n<p><em><strong>Foto: Archivo.<\/strong><\/em><\/p>\n","protected":false},"excerpt":{"rendered":"<p>La 7\u00b0 fecha del Torneo Oficial se disput\u00f3 de manera desdoblada por el mal estado de las canchas tras la<\/p>\n","protected":false},"author":96739694,"featured_media":156584,"comment_status":"closed","ping_status":"closed","sticky":false,"template":"","format":"standard","meta":{"_jetpack_memberships_contains_paid_content":false,"footnotes":""},"categories":[35,1,41],"tags":[],"class_list":["post-137194","post","type-post","status-publish","format-standard","has-post-thumbnail","hentry","category-futbol","category-portada","category-primera-y-reserva"],"jetpack_featured_media_url":"https:\/\/i0.wp.com\/cdnoticias.com\/wp-content\/uploads\/2023\/04\/primerab-14.jpeg?fit=1280%2C853&ssl=1","jetpack_sharing_enabled":true,"_links":{"self":[{"href":"https:\/\/cdnoticias.com\/index.php\/wp-json\/wp\/v2\/posts\/137194","targetHints":{"allow":["GET"]}}],"collection":[{"href":"https:\/\/cdnoticias.com\/index.php\/wp-json\/wp\/v2\/posts"}],"about":[{"href":"https:\/\/cdnoticias.com\/index.php\/wp-json\/wp\/v2\/types\/post"}],"author":[{"embeddable":true,"href":"https:\/\/cdnoticias.com\/index.php\/wp-json\/wp\/v2\/users\/96739694"}],"replies":[{"embeddable":true,"href":"https:\/\/cdnoticias.com\/index.php\/wp-json\/wp\/v2\/comments?post=137194"}],"version-history":[{"count":0,"href":"https:\/\/cdnoticias.com\/index.php\/wp-json\/wp\/v2\/posts\/137194\/revisions"}],"wp:featuredmedia":[{"embeddable":true,"href":"https:\/\/cdnoticias.com\/index.php\/wp-json\/wp\/v2\/media\/156584"}],"wp:attachment":[{"href":"https:\/\/cdnoticias.com\/index.php\/wp-json\/wp\/v2\/media?parent=137194"}],"wp:term":[{"taxonomy":"category","embeddable":true,"href":"https:\/\/cdnoticias.com\/index.php\/wp-json\/wp\/v2\/categories?post=137194"},{"taxonomy":"post_tag","embeddable":true,"href":"https:\/\/cdnoticias.com\/index.php\/wp-json\/wp\/v2\/tags?post=137194"}],"curies":[{"name":"wp","href":"https:\/\/api.w.org\/{rel}","templated":true}]}}