{"id":137193,"date":"2023-07-24T18:30:41","date_gmt":"2023-07-24T21:30:41","guid":{"rendered":"http:\/\/centraldeportes.com.ar\/?p=39176"},"modified":"2025-02-11T20:44:26","modified_gmt":"2025-02-11T23:44:26","slug":"torneo-interligas-la-division-reserva-ya-tiene-a-sus-campeones","status":"publish","type":"post","link":"https:\/\/cdnoticias.com\/index.php\/2023\/07\/24\/torneo-interligas-la-division-reserva-ya-tiene-a-sus-campeones\/","title":{"rendered":"Torneo Interligas: la Divisi\u00f3n Reserva ya tiene a sus campeones"},"content":{"rendered":"<p>Los duelos revancha de las finales se jugaron este domingo y los dos equipos que dieron la vuelta son pertenecientes a la Liga de Azul.<!--more--><\/p>\n<hr \/>\n<p>La categor\u00eda preliminar, en sus dos divisionales, concluy\u00f3 este domingo la edici\u00f3n 2023 con los desquites de las definiciones que tuvieron lugar en escenarios de Olavarr\u00eda y Laprida.<\/p>\n<p>&nbsp;<\/p>\n<p>Por un lado <strong>Estudiantes<\/strong>, el \u00fanico representante local en competencia, no la ten\u00eda f\u00e1cil tras el 0 \u2013 5 de la ida y <strong>recibi\u00f3 en el sint\u00e9tico del \u201cTete\u201d Di Carlo a Chacarita de Azul<\/strong> en el duelo previo a la semifinal de Primera Divisi\u00f3n entre el CEO y el \u201cBata\u201d.<\/p>\n<p>&nbsp;<\/p>\n<p>[soliloquy id=&#8221;39115&#8243;]<\/p>\n<p>&nbsp;<\/p>\n<p><strong>Todo termin\u00f3 1 a 1 (Global 1 \u2013 6)<\/strong> en los noventa reglamentarios, <strong>resultado que le otorg\u00f3 el t\u00edtulo en Reserva Sub 21 al conjunto azule\u00f1o<\/strong>. Para el \u201cAlbinegro\u201d anot\u00f3 <strong>Tom\u00e1s Aguilera<\/strong>, mientras que <strong>Diego Vidal<\/strong>, con un golazo, fue el autor del tanto para el \u201cTricolor\u201d.<\/p>\n<p>&nbsp;<\/p>\n<p>Por otro lado, en Laprida, <strong>Independiente de Chillar derrot\u00f3 3 a 1 a Lil\u00e1n y se coron\u00f3 campe\u00f3n en Reserva Libre<\/strong> tras liquidar la serie global 5 \u2013 2. <strong>Mateo Bello, Samuel Barqu\u00edn y Ra\u00fal Tortorella<\/strong> marcaron para el \u201cRojo\u201d chillarense, en tanto que <strong>Joaqu\u00edn Nu\u00f1ez<\/strong> hab\u00eda convertido el empate transitorio para el combinado \u201cAzulgrana\u201d.<\/p>\n<p>&nbsp;<\/p>\n<figure id=\"attachment_39177\" aria-describedby=\"caption-attachment-39177\" style=\"width: 800px\" class=\"wp-caption aligncenter\"><img data-recalc-dims=\"1\" loading=\"lazy\" decoding=\"async\" class=\"wp-image-39177 size-large\" src=\"https:\/\/i0.wp.com\/centraldeportes.com.ar\/wp-content\/uploads\/2023\/07\/Independiente-de-Chillar-campe%C3%B3n-Reserva-Libre-2023-1024x731.jpg?resize=800%2C571\" alt=\"\" width=\"800\" height=\"571\" \/><figcaption id=\"caption-attachment-39177\" class=\"wp-caption-text\">Cr\u00e9dito: Independiente de Chillar<\/figcaption><\/figure>\n","protected":false},"excerpt":{"rendered":"<p>Los duelos revancha de las finales se jugaron este domingo y los dos equipos que dieron la vuelta son pertenecientes<\/p>\n","protected":false},"author":96739694,"featured_media":156587,"comment_status":"closed","ping_status":"closed","sticky":false,"template":"","format":"standard","meta":{"_jetpack_memberships_contains_paid_content":false,"footnotes":""},"categories":[35,1,41],"tags":[],"class_list":["post-137193","post","type-post","status-publish","format-standard","has-post-thumbnail","hentry","category-futbol","category-portada","category-primera-y-reserva"],"jetpack_featured_media_url":"https:\/\/i0.wp.com\/cdnoticias.com\/wp-content\/uploads\/2023\/07\/reserva-4.jpeg?fit=1504%2C1004&ssl=1","jetpack_sharing_enabled":true,"_links":{"self":[{"href":"https:\/\/cdnoticias.com\/index.php\/wp-json\/wp\/v2\/posts\/137193","targetHints":{"allow":["GET"]}}],"collection":[{"href":"https:\/\/cdnoticias.com\/index.php\/wp-json\/wp\/v2\/posts"}],"about":[{"href":"https:\/\/cdnoticias.com\/index.php\/wp-json\/wp\/v2\/types\/post"}],"author":[{"embeddable":true,"href":"https:\/\/cdnoticias.com\/index.php\/wp-json\/wp\/v2\/users\/96739694"}],"replies":[{"embeddable":true,"href":"https:\/\/cdnoticias.com\/index.php\/wp-json\/wp\/v2\/comments?post=137193"}],"version-history":[{"count":0,"href":"https:\/\/cdnoticias.com\/index.php\/wp-json\/wp\/v2\/posts\/137193\/revisions"}],"wp:featuredmedia":[{"embeddable":true,"href":"https:\/\/cdnoticias.com\/index.php\/wp-json\/wp\/v2\/media\/156587"}],"wp:attachment":[{"href":"https:\/\/cdnoticias.com\/index.php\/wp-json\/wp\/v2\/media?parent=137193"}],"wp:term":[{"taxonomy":"category","embeddable":true,"href":"https:\/\/cdnoticias.com\/index.php\/wp-json\/wp\/v2\/categories?post=137193"},{"taxonomy":"post_tag","embeddable":true,"href":"https:\/\/cdnoticias.com\/index.php\/wp-json\/wp\/v2\/tags?post=137193"}],"curies":[{"name":"wp","href":"https:\/\/api.w.org\/{rel}","templated":true}]}}