{"id":137191,"date":"2023-07-24T16:08:14","date_gmt":"2023-07-24T19:08:14","guid":{"rendered":"http:\/\/centraldeportes.com.ar\/?p=39170"},"modified":"2025-02-11T20:41:52","modified_gmt":"2025-02-11T23:41:52","slug":"copa-de-invierno-2023-se-realizo-el-lanzamiento-oficial","status":"publish","type":"post","link":"https:\/\/cdnoticias.com\/index.php\/2023\/07\/24\/copa-de-invierno-2023-se-realizo-el-lanzamiento-oficial\/","title":{"rendered":"Copa de Invierno 2023: se realiz\u00f3 el lanzamiento oficial"},"content":{"rendered":"<p>Con un breve acto, se dej\u00f3 inaugurada de manera oficial la Copa de Invierno en Estudiantes con su D\u00e9cima edici\u00f3n. En un acotado suceso, se hicieron presentes todos los participantes, Emilio Incaurgarat, Juan Agust\u00edn Galli y Fabricio Carrera y miembros de la Subcomisi\u00f3n de F\u00fatbol junto a los profesores del Bata que ser\u00e1n un pilar fundamental dentro del desarrollo durante toda la semana. Adem\u00e1s, se sumaron para llevar las banderas jugadores de la Primera Divisi\u00f3n de Estudiantes que son un espejo para los m\u00e1s peque\u00f1os en su formaci\u00f3n.<\/p>\n<p><!--more--><\/p>\n<hr \/>\n<p>Por otro lado, se realizaron homenajes, ya que cada Copa llevar\u00e1 un nombre distinto, en caso de la 2009 ser\u00e1 la Copa &#8220;Christian B\u00e9ttiga&#8221;, la 2010 llevar\u00e1 el nombre de &#8220;Sim\u00f3n Vivas&#8221; y la 2011 de &#8220;Raul &#8216;Chueco&#8217; Echeverr\u00eda&#8221;.<\/p>\n<p>&nbsp;<\/p>\n<p>Palabras de los protagonistas:<br \/>\nEmilio Incaurgarat: &#8220;Organizar este tipo de torneos lleva una log\u00edstica y un trabajo de organizaci\u00f3n admirable, de profesores, dirigentes deportivos y padres de jugadores del club. As\u00ed que en primer lugar quiero felicitar a este equipo de trabajo porque es muy importante tomar la posta y darle continuidad a las actividades que se hacen en Estudiantes. La Copa de Invierno es una fiesta del f\u00fatbol en el club&#8221;.<\/p>\n<p>&nbsp;<\/p>\n<p>Juan Agust\u00edn Galli: &#8220;El club propone un evento deportivo durante el receso escolar para que los chicos jueguen al f\u00fatbol, conozcan las instalaciones y la ciudad, y disfruten de actividades f\u00edsicas y compa\u00f1erismo. El deporte es importante para la formaci\u00f3n integral de los chicos.&#8221;<\/p>\n<p>&nbsp;<\/p>\n<p>&#8220;Agradecemos la invitaci\u00f3n para participar con dos equipos de f\u00fatbol barrial. Es una gran oportunidad para motivar a los ni\u00f1os que no pertenecen a clubes y fomentar su participaci\u00f3n en ellos&#8221;.<\/p>\n<p>&nbsp;<\/p>\n<p>Mauro Vecchio en nombre de toda la Subcomisi\u00f3n de f\u00fatbol: &#8220;La verdad que nos hemos sorprendido con la recepci\u00f3n de muchos clubes, porque todos conocemos que la situaci\u00f3n econ\u00f3mica no es la mejor, pero los clubes han respondido realmente muy bien. Es s\u00faper importante para nosotros tambi\u00e9n que los chicos de Estudiantes, nuestros jugadores y el resto de los jugadores del resto de los clubes vivan una semana de camarader\u00eda, que se integren, que vivan experiencias distintas, que conozcan realidades distintas y bueno para eso, para nosotros eso es fundamental.&#8221;<\/p>\n<p>&nbsp;<\/p>\n<p>&#8220;No quiero dejar de agradecer a todos los profes que hace ya varias semanas que est\u00e1n trabajando fuertemente en la organizaci\u00f3n de los Fixture en la organizaci\u00f3n de los horarios, de los cruces, de las zonas, la verdad que es un trabajo muy fuerte y bueno, van a estar toda la semana abocados a esto, ni hablar del esfuerzo que han puesto todos los participantes de la subcomisi\u00f3n, que hace m\u00e1s de 4 meses que est\u00e1n trabajando y con much\u00edsima fuerza para que todo salga de la mejor manera&#8221;.<\/p>\n<p>&nbsp;<\/p>\n<p>La Copa en n\u00fameros:<br \/>\n8 ciudades<br \/>\n720 participantes<br \/>\nTres categor\u00edas (09\/10\/11)<br \/>\nCuatro estadios (Tres CAE y uno CEO)<\/p>\n","protected":false},"excerpt":{"rendered":"<p>Con un breve acto, se dej\u00f3 inaugurada de manera oficial la Copa de Invierno en Estudiantes con su D\u00e9cima edici\u00f3n.<\/p>\n","protected":false},"author":96739694,"featured_media":156472,"comment_status":"closed","ping_status":"closed","sticky":false,"template":"","format":"standard","meta":{"_jetpack_memberships_contains_paid_content":false,"footnotes":""},"categories":[35,40,1],"tags":[],"class_list":["post-137191","post","type-post","status-publish","format-standard","has-post-thumbnail","hentry","category-futbol","category-inferiores","category-portada"],"jetpack_featured_media_url":"https:\/\/i0.wp.com\/cdnoticias.com\/wp-content\/uploads\/2023\/07\/WhatsApp-Image-2023-07-24-at-14.41.20-1.jpeg?fit=1600%2C1200&ssl=1","jetpack_sharing_enabled":true,"_links":{"self":[{"href":"https:\/\/cdnoticias.com\/index.php\/wp-json\/wp\/v2\/posts\/137191","targetHints":{"allow":["GET"]}}],"collection":[{"href":"https:\/\/cdnoticias.com\/index.php\/wp-json\/wp\/v2\/posts"}],"about":[{"href":"https:\/\/cdnoticias.com\/index.php\/wp-json\/wp\/v2\/types\/post"}],"author":[{"embeddable":true,"href":"https:\/\/cdnoticias.com\/index.php\/wp-json\/wp\/v2\/users\/96739694"}],"replies":[{"embeddable":true,"href":"https:\/\/cdnoticias.com\/index.php\/wp-json\/wp\/v2\/comments?post=137191"}],"version-history":[{"count":0,"href":"https:\/\/cdnoticias.com\/index.php\/wp-json\/wp\/v2\/posts\/137191\/revisions"}],"wp:featuredmedia":[{"embeddable":true,"href":"https:\/\/cdnoticias.com\/index.php\/wp-json\/wp\/v2\/media\/156472"}],"wp:attachment":[{"href":"https:\/\/cdnoticias.com\/index.php\/wp-json\/wp\/v2\/media?parent=137191"}],"wp:term":[{"taxonomy":"category","embeddable":true,"href":"https:\/\/cdnoticias.com\/index.php\/wp-json\/wp\/v2\/categories?post=137191"},{"taxonomy":"post_tag","embeddable":true,"href":"https:\/\/cdnoticias.com\/index.php\/wp-json\/wp\/v2\/tags?post=137191"}],"curies":[{"name":"wp","href":"https:\/\/api.w.org\/{rel}","templated":true}]}}