{"id":137190,"date":"2023-07-24T11:41:54","date_gmt":"2023-07-24T14:41:54","guid":{"rendered":"http:\/\/centraldeportes.com.ar\/?p=39161"},"modified":"2025-02-11T20:41:54","modified_gmt":"2025-02-11T23:41:54","slug":"nutrida-presencia-olavarrienses-en-el-turismo-pista","status":"publish","type":"post","link":"https:\/\/cdnoticias.com\/index.php\/2023\/07\/24\/nutrida-presencia-olavarrienses-en-el-turismo-pista\/","title":{"rendered":"Nutrida presencia olavarrienses en el Turismo Pista"},"content":{"rendered":"<p>Varios pilotos locales estuvieron presentes en Termas de R\u00edo Hondo, en la provincia de Santiago del Estero, donde se disput\u00f3 la sexta fecha del campeonato de las tres divisionales del Pista. Agust\u00edn Herrera, sexto en la final de la clase 2, fue el m\u00e1s destacado del domingo.<\/p>\n<p><!--more--><\/p>\n<hr \/>\n<p>En la clase meno, Francisco Su\u00e1rez se llev\u00f3 el triunfo seguido por Joaqu\u00edn Melo y Lucas Canteli.<\/p>\n<p>&nbsp;<\/p>\n<p>En esta categor\u00eda fueron cuatro los olavarrienses, y Gabriel Melian ven\u00eda para ser el mejor, pero fue excluido tras haber sido s\u00e9ptimo. Reiteradas maniobras peligrosas le valieron no s\u00f3lo la exclusi\u00f3n sino que la sanci\u00f3n comprende largar \u00faltimo la serie en la pr\u00f3xima fecha.<\/p>\n<p>&nbsp;<\/p>\n\n<p>&nbsp;<\/p>\n<p>Michael Boccagni ven\u00eda luchando por meterse entre los diez pero se retras\u00f3 con un toque m\u00faltiple y termin\u00f3 en el puesto 23\u00ba. Diego Valisi arrib\u00f3 detr\u00e1s en el puesto 24\u00ba, mientras que Juan Jos\u00e9 Martinelli termin\u00f3 abandonado por un toque.<\/p>\n<p>&nbsp;<\/p>\n<p>Ezequiel Bossio, con el VW Up, se qued\u00f3 con el triunfo en la Clase 2, escoltado por Luciano Mart\u00ednez y Yair Etcheveste.<\/p>\n<p>&nbsp;<\/p>\n\n<p>&nbsp;<\/p>\n<p>En esta divisional se destac\u00f3 Agust\u00edn Herrera, el olavarriense que compite en el Turismo Nacional estuvo presente en Termas con un VW Up, y pudo culminar la final en el sexto lugar.<\/p>\n<p>&nbsp;<\/p>\n<p>Nicol\u00e1s Rojas, tambi\u00e9n presente en la clase 2, no logra redondear una buena producci\u00f3n y termin\u00f3 viendo la bandera a cuadros en el 13\u00ba lugar.<\/p>\n<p>&nbsp;<\/p>\n<p><img data-recalc-dims=\"1\" loading=\"lazy\" decoding=\"async\" class=\"size-large wp-image-39168 aligncenter\" src=\"https:\/\/i0.wp.com\/centraldeportes.com.ar\/wp-content\/uploads\/2023\/07\/WhatsApp-Image-2023-07-23-at-21.30.44-1024x682.jpeg?resize=800%2C533\" alt=\"\" width=\"800\" height=\"533\" \/><\/p>\n<p>&nbsp;<\/p>\n<p>Por \u00faltimo, en la clase mayor, Brian Quevedo se qued\u00f3 con el triunfo en la categor\u00eda, segundo fue Franco Fauret y tercero Mart\u00edn Chico.<\/p>\n<p>&nbsp;<\/p>\n<p>En esta clase 3 estuvo presente Santiago Tambucci, que sufri\u00f3 un recargo en la serie y en la final pudo ver la bandera a cuadros en el 13\u00ba lugar final.<\/p>\n<p>&nbsp;<\/p>\n<p>La pr\u00f3xima presentaci\u00f3n de las categor\u00edas ser\u00e1 en el Aut\u00f3dromo Parque Ciudad de R\u00edo Cuarto, el 20 de agosto.<\/p>\n","protected":false},"excerpt":{"rendered":"<p>Varios pilotos locales estuvieron presentes en Termas de R\u00edo Hondo, en la provincia de Santiago del Estero, donde se disput\u00f3<\/p>\n","protected":false},"author":96739694,"featured_media":156479,"comment_status":"closed","ping_status":"closed","sticky":false,"template":"","format":"standard","meta":{"_jetpack_memberships_contains_paid_content":false,"footnotes":""},"categories":[34,1,49],"tags":[],"class_list":["post-137190","post","type-post","status-publish","format-standard","has-post-thumbnail","hentry","category-automovilismo","category-portada","category-turismo-pista"],"jetpack_featured_media_url":"https:\/\/i0.wp.com\/cdnoticias.com\/wp-content\/uploads\/2023\/07\/WhatsApp-Image-2023-07-23-at-21.30.46-2.jpeg?fit=1250%2C833&ssl=1","jetpack_sharing_enabled":true,"_links":{"self":[{"href":"https:\/\/cdnoticias.com\/index.php\/wp-json\/wp\/v2\/posts\/137190","targetHints":{"allow":["GET"]}}],"collection":[{"href":"https:\/\/cdnoticias.com\/index.php\/wp-json\/wp\/v2\/posts"}],"about":[{"href":"https:\/\/cdnoticias.com\/index.php\/wp-json\/wp\/v2\/types\/post"}],"author":[{"embeddable":true,"href":"https:\/\/cdnoticias.com\/index.php\/wp-json\/wp\/v2\/users\/96739694"}],"replies":[{"embeddable":true,"href":"https:\/\/cdnoticias.com\/index.php\/wp-json\/wp\/v2\/comments?post=137190"}],"version-history":[{"count":0,"href":"https:\/\/cdnoticias.com\/index.php\/wp-json\/wp\/v2\/posts\/137190\/revisions"}],"wp:featuredmedia":[{"embeddable":true,"href":"https:\/\/cdnoticias.com\/index.php\/wp-json\/wp\/v2\/media\/156479"}],"wp:attachment":[{"href":"https:\/\/cdnoticias.com\/index.php\/wp-json\/wp\/v2\/media?parent=137190"}],"wp:term":[{"taxonomy":"category","embeddable":true,"href":"https:\/\/cdnoticias.com\/index.php\/wp-json\/wp\/v2\/categories?post=137190"},{"taxonomy":"post_tag","embeddable":true,"href":"https:\/\/cdnoticias.com\/index.php\/wp-json\/wp\/v2\/tags?post=137190"}],"curies":[{"name":"wp","href":"https:\/\/api.w.org\/{rel}","templated":true}]}}