{"id":137187,"date":"2023-07-23T20:27:21","date_gmt":"2023-07-23T23:27:21","guid":{"rendered":"http:\/\/centraldeportes.com.ar\/?p=39150"},"modified":"2025-02-11T20:42:03","modified_gmt":"2025-02-11T23:42:03","slug":"josefina-vigo-avanzo-desde-el-fondo-y-llego-cuarta","status":"publish","type":"post","link":"https:\/\/cdnoticias.com\/index.php\/2023\/07\/23\/josefina-vigo-avanzo-desde-el-fondo-y-llego-cuarta\/","title":{"rendered":"Josefina Vigo avanz\u00f3 desde el fondo y lleg\u00f3 cuarta"},"content":{"rendered":"<p>Gran carrera de la piloto olavarriense en la Liga Speedagro, que tuvo que largar desde el fondo y pudo recuperarse hasta el cuarto lugar. La victoria en San Juan fue para Javier Manta.<!--more--><\/p>\n<hr \/>\n<p>Pas\u00f3 el cuarto cap\u00edtulo para la Liga Speedagro Racing, con la presencia de la olavarriense Josefina Vigo. Una vez m\u00e1s la categor\u00eda de los Fiat Punto estuvo junto al Turismo Carretera, en este caso en San Juan Villicun.<\/p>\n<p>&nbsp;<\/p>\n<p>Un s\u00e1bado para el olvido para Josefina, donde no pudo clasificar bien y qued\u00f3 en el puesto 11\u00ba. Desde ese lugar la tuvo que remar en la ma\u00f1ana del domingo, y logr\u00f3 avanzar.<\/p>\n<p>&nbsp;<\/p>\n<p>Aprovechando las distintas circunstancias que se dieron en pista, la piloto no cometi\u00f3 errores y pudo avanzar hasta el cuarto lugar, lo que le permite conservar la posici\u00f3n de escolta en el torneo.<\/p>\n<p>&nbsp;<\/p>\n<p>La victoria fue para Javier Manta, segundo fue Gabriel Da Roldy y tercero Brian Perino, justamente el puntero del campeonato que lleg\u00f3 delante de la olavarriense.<\/p>\n<p>&nbsp;<\/p>\n<p>La pr\u00f3xima fecha para la categor\u00eda ser\u00e1 en el aut\u00f3dromo \u201cOscar y Juan G\u00e1lvez\u201d de Buenos Aires el pr\u00f3ximo 20 de agosto.<\/p>\n","protected":false},"excerpt":{"rendered":"<p>Gran carrera de la piloto olavarriense en la Liga Speedagro, que tuvo que largar desde el fondo y pudo recuperarse<\/p>\n","protected":false},"author":96739694,"featured_media":156489,"comment_status":"closed","ping_status":"closed","sticky":false,"template":"","format":"standard","meta":{"_jetpack_memberships_contains_paid_content":false,"footnotes":""},"categories":[34,1],"tags":[],"class_list":["post-137187","post","type-post","status-publish","format-standard","has-post-thumbnail","hentry","category-automovilismo","category-portada"],"jetpack_featured_media_url":"https:\/\/i0.wp.com\/cdnoticias.com\/wp-content\/uploads\/2023\/07\/WhatsApp-Image-2023-07-23-at-20.16.47-e1690154836124.jpeg?fit=1080%2C648&ssl=1","jetpack_sharing_enabled":true,"_links":{"self":[{"href":"https:\/\/cdnoticias.com\/index.php\/wp-json\/wp\/v2\/posts\/137187","targetHints":{"allow":["GET"]}}],"collection":[{"href":"https:\/\/cdnoticias.com\/index.php\/wp-json\/wp\/v2\/posts"}],"about":[{"href":"https:\/\/cdnoticias.com\/index.php\/wp-json\/wp\/v2\/types\/post"}],"author":[{"embeddable":true,"href":"https:\/\/cdnoticias.com\/index.php\/wp-json\/wp\/v2\/users\/96739694"}],"replies":[{"embeddable":true,"href":"https:\/\/cdnoticias.com\/index.php\/wp-json\/wp\/v2\/comments?post=137187"}],"version-history":[{"count":0,"href":"https:\/\/cdnoticias.com\/index.php\/wp-json\/wp\/v2\/posts\/137187\/revisions"}],"wp:featuredmedia":[{"embeddable":true,"href":"https:\/\/cdnoticias.com\/index.php\/wp-json\/wp\/v2\/media\/156489"}],"wp:attachment":[{"href":"https:\/\/cdnoticias.com\/index.php\/wp-json\/wp\/v2\/media?parent=137187"}],"wp:term":[{"taxonomy":"category","embeddable":true,"href":"https:\/\/cdnoticias.com\/index.php\/wp-json\/wp\/v2\/categories?post=137187"},{"taxonomy":"post_tag","embeddable":true,"href":"https:\/\/cdnoticias.com\/index.php\/wp-json\/wp\/v2\/tags?post=137187"}],"curies":[{"name":"wp","href":"https:\/\/api.w.org\/{rel}","templated":true}]}}