{"id":137182,"date":"2023-07-23T08:30:32","date_gmt":"2023-07-23T11:30:32","guid":{"rendered":"http:\/\/centraldeportes.com.ar\/?p=39093"},"modified":"2025-02-11T20:42:09","modified_gmt":"2025-02-11T23:42:09","slug":"diego-roman-garabento-de-racing-se-muda-al-ascenso-italiano","status":"publish","type":"post","link":"https:\/\/cdnoticias.com\/index.php\/2023\/07\/23\/diego-roman-garabento-de-racing-se-muda-al-ascenso-italiano\/","title":{"rendered":"Diego Rom\u00e1n Garabento, de Racing, se muda al ascenso italiano"},"content":{"rendered":"<p>El juvenil de 19 a\u00f1os ser\u00e1 pr\u00f3ximo jugador del Borgosesia Calcio, equipo que milita en la Serie D.<!--more--><\/p>\n<hr \/>\n<p>La entidad de \u201cLa Estrellita\u201d anunci\u00f3 la salida de <strong>Diego Rom\u00e1n Garabento<\/strong>, se le present\u00f3 una oportunidad de emigrar de club y<strong> continuar\u00e1 su carrera en el f\u00fatbol de ascenso de Italia<\/strong>.<\/p>\n<p>&nbsp;<\/p>\n<p>El juvenil formado en las Divisiones Inferiores del \u201cChaira\u201d <strong>ser\u00e1 jugador del Borgosesia Calcio<\/strong> de la regi\u00f3n de Piamonte, ubicada al norte del pa\u00eds europeo. <strong>Competir\u00e1 en la Serie D<\/strong>.<\/p>\n<p>&nbsp;<\/p>\n<p>Garabento <strong>tendr\u00e1 su \u00faltimo partido con la camiseta de Racing la semana entrante<\/strong>, en el partido revancha contra Santa Rita por las semis del Regional Pampeano.<\/p>\n<p>&nbsp;<\/p>\n<p><em><strong>Fuente: Prensa Racing.<\/strong><\/em><\/p>\n","protected":false},"excerpt":{"rendered":"<p>El juvenil de 19 a\u00f1os ser\u00e1 pr\u00f3ximo jugador del Borgosesia Calcio, equipo que milita en la Serie D.<\/p>\n","protected":false},"author":96739694,"featured_media":156499,"comment_status":"closed","ping_status":"closed","sticky":false,"template":"","format":"standard","meta":{"_jetpack_memberships_contains_paid_content":false,"footnotes":""},"categories":[35,1,41],"tags":[],"class_list":["post-137182","post","type-post","status-publish","format-standard","has-post-thumbnail","hentry","category-futbol","category-portada","category-primera-y-reserva"],"jetpack_featured_media_url":"https:\/\/i0.wp.com\/cdnoticias.com\/wp-content\/uploads\/2023\/07\/racing-santarita-13.jpeg?fit=1280%2C853&ssl=1","jetpack_sharing_enabled":true,"_links":{"self":[{"href":"https:\/\/cdnoticias.com\/index.php\/wp-json\/wp\/v2\/posts\/137182","targetHints":{"allow":["GET"]}}],"collection":[{"href":"https:\/\/cdnoticias.com\/index.php\/wp-json\/wp\/v2\/posts"}],"about":[{"href":"https:\/\/cdnoticias.com\/index.php\/wp-json\/wp\/v2\/types\/post"}],"author":[{"embeddable":true,"href":"https:\/\/cdnoticias.com\/index.php\/wp-json\/wp\/v2\/users\/96739694"}],"replies":[{"embeddable":true,"href":"https:\/\/cdnoticias.com\/index.php\/wp-json\/wp\/v2\/comments?post=137182"}],"version-history":[{"count":0,"href":"https:\/\/cdnoticias.com\/index.php\/wp-json\/wp\/v2\/posts\/137182\/revisions"}],"wp:featuredmedia":[{"embeddable":true,"href":"https:\/\/cdnoticias.com\/index.php\/wp-json\/wp\/v2\/media\/156499"}],"wp:attachment":[{"href":"https:\/\/cdnoticias.com\/index.php\/wp-json\/wp\/v2\/media?parent=137182"}],"wp:term":[{"taxonomy":"category","embeddable":true,"href":"https:\/\/cdnoticias.com\/index.php\/wp-json\/wp\/v2\/categories?post=137182"},{"taxonomy":"post_tag","embeddable":true,"href":"https:\/\/cdnoticias.com\/index.php\/wp-json\/wp\/v2\/tags?post=137182"}],"curies":[{"name":"wp","href":"https:\/\/api.w.org\/{rel}","templated":true}]}}