{"id":137180,"date":"2023-07-22T20:29:30","date_gmt":"2023-07-22T23:29:30","guid":{"rendered":"http:\/\/centraldeportes.com.ar\/?p=39081"},"modified":"2025-02-11T20:42:10","modified_gmt":"2025-02-11T23:42:10","slug":"el-gol-del-empate-nos-dio-respiro-iremos-alla-a-hacer-un-buen-partido","status":"publish","type":"post","link":"https:\/\/cdnoticias.com\/index.php\/2023\/07\/22\/el-gol-del-empate-nos-dio-respiro-iremos-alla-a-hacer-un-buen-partido\/","title":{"rendered":"\u201cEl gol del empate nos dio respiro, iremos all\u00e1 a hacer un buen partido\u201d"},"content":{"rendered":"<p>Declar\u00f3 Rub\u00e9n Tarasco una vez consumada la igualdad contra Santa Rita por el primer partido de semifinales del Regional Pampeano. \u201cEstamos peleando contra las lesiones y jugando con varios pibes que lo est\u00e1n haciendo bien\u201d, asegur\u00f3 el delantero.<!--more--><\/p>\n<hr \/>\n<p>El <strong>\u201cChaira\u201d<\/strong> reaccion\u00f3 a tiempo en la noche del pasado mi\u00e9rcoles y a trav\u00e9s del punto penal <a href=\"http:\/\/centraldeportes.com.ar\/regional-pampeano-racing-y-santa-rita-quedaron-a-mano-en-el-buglione\/\">logr\u00f3 empatarle al \u201cLobo\u201d<\/a> a los 42\u2019 del segundo tiempo para mantener la serie en tablas y buscar el boleto a la definici\u00f3n en Piedritas. Culminados los primeros noventa minutos, <strong>Rub\u00e9n Tarasco habl\u00f3 en el post partido y dej\u00f3 sus declaraciones tras lo ocurrido en el Buglione Martinese<\/strong>.<\/p>\n<p>&nbsp;<\/p>\n<p>\u201c<em><strong>Santa Rita nos plante\u00f3 un buen esquema, nos cortaron las salidas y nos presionaron bien atr\u00e1<\/strong>s<\/em>\u201d, comenz\u00f3 diciendo el autor del empate para la \u201cEstrellita\u201d y luego continu\u00f3: \u201c<strong><em>Por ah\u00ed nos falt\u00f3 m\u00e1s movilidad, pero la serie est\u00e1 abierta y vamos a ir all\u00e1 a hacer el mismo trabajo<\/em><\/strong>\u201d.<\/p>\n<p>&nbsp;<\/p>\n<blockquote><p>\u201cEl gol del empate nos dio respiro, iremos all\u00e1 a hacer un buen partido\u201d<\/p><\/blockquote>\n<p>&nbsp;<\/p>\n<p><img data-recalc-dims=\"1\" loading=\"lazy\" decoding=\"async\" class=\"aligncenter size-large wp-image-38961\" src=\"https:\/\/i0.wp.com\/centraldeportes.com.ar\/wp-content\/uploads\/2023\/07\/racing-santarita-3-1024x682.jpeg?resize=800%2C533\" alt=\"\" width=\"800\" height=\"533\" \/><\/p>\n<p>&nbsp;<\/p>\n<p>Racing, mermado por algunas bajas importantes, le cost\u00f3 por momentos generar juego asociado. Incluso Tarasco tuvo que bajar bastante a buscar la pelota: \u201c<em><strong>Nuestro juego lo vamos a seguir intentando aunque nos equivoquemos, es la idea del t\u00e9cnico<\/strong>. Quiz\u00e1 sal\u00ed mucho a buscarlo afuera, pero creo que <strong>mejorando el juego en las bandas y con buenos centros los podemos lastimar, la clave va a estar ah\u00ed<\/strong><\/em>\u201d, sostuvo el delantero oriundo de Sunchales.<\/p>\n<p>&nbsp;<\/p>\n<p>Respecto a la situaci\u00f3n del plantel, el ex Sportivo Pe\u00f1arol de San Juan cont\u00f3 que: \u201c<strong><em>Lamentablemente estamos peleando contra las lesiones y jugando con varios pibes, que los vamos llevando de a poco y lo est\u00e1n haciendo bien<\/em><\/strong>\u201d, fundament\u00f3.<\/p>\n<p>&nbsp;<\/p>\n<p><img data-recalc-dims=\"1\" loading=\"lazy\" decoding=\"async\" class=\"aligncenter size-large wp-image-38962\" src=\"https:\/\/i0.wp.com\/centraldeportes.com.ar\/wp-content\/uploads\/2023\/07\/racing-santarita-4-1024x682.jpeg?resize=800%2C533\" alt=\"\" width=\"800\" height=\"533\" \/><\/p>\n<p>&nbsp;<\/p>\n<blockquote><p>\u201cMe qued\u00e9 por el grupo y para seguir peleando por el Regional, que es una espina que me qued\u00f3\u201d<\/p><\/blockquote>\n<p>&nbsp;<\/p>\n<p>De cara a la revancha contra el elenco de Piedritas, General Villegas, el atacante \u201cChaira\u201d afirm\u00f3: \u201c<strong><em>Vamos a trabajar mejor los centros, ser m\u00e1s precisos. Creo que el juego va a estar ah\u00ed\u00a0 y esperemos quedarnos con la victoria en los noventa<\/em><\/strong>\u201d, concluy\u00f3.<\/p>\n","protected":false},"excerpt":{"rendered":"<p>Declar\u00f3 Rub\u00e9n Tarasco una vez consumada la igualdad contra Santa Rita por el primer partido de semifinales del Regional Pampeano.<\/p>\n","protected":false},"author":96739694,"featured_media":156503,"comment_status":"closed","ping_status":"closed","sticky":false,"template":"","format":"standard","meta":{"_jetpack_memberships_contains_paid_content":false,"footnotes":""},"categories":[35,1,54],"tags":[],"class_list":["post-137180","post","type-post","status-publish","format-standard","has-post-thumbnail","hentry","category-futbol","category-portada","category-torneo-regional-amateur"],"jetpack_featured_media_url":"https:\/\/i0.wp.com\/cdnoticias.com\/wp-content\/uploads\/2023\/07\/racing-santarita-7.jpeg?fit=1280%2C853&ssl=1","jetpack_sharing_enabled":true,"_links":{"self":[{"href":"https:\/\/cdnoticias.com\/index.php\/wp-json\/wp\/v2\/posts\/137180","targetHints":{"allow":["GET"]}}],"collection":[{"href":"https:\/\/cdnoticias.com\/index.php\/wp-json\/wp\/v2\/posts"}],"about":[{"href":"https:\/\/cdnoticias.com\/index.php\/wp-json\/wp\/v2\/types\/post"}],"author":[{"embeddable":true,"href":"https:\/\/cdnoticias.com\/index.php\/wp-json\/wp\/v2\/users\/96739694"}],"replies":[{"embeddable":true,"href":"https:\/\/cdnoticias.com\/index.php\/wp-json\/wp\/v2\/comments?post=137180"}],"version-history":[{"count":0,"href":"https:\/\/cdnoticias.com\/index.php\/wp-json\/wp\/v2\/posts\/137180\/revisions"}],"wp:featuredmedia":[{"embeddable":true,"href":"https:\/\/cdnoticias.com\/index.php\/wp-json\/wp\/v2\/media\/156503"}],"wp:attachment":[{"href":"https:\/\/cdnoticias.com\/index.php\/wp-json\/wp\/v2\/media?parent=137180"}],"wp:term":[{"taxonomy":"category","embeddable":true,"href":"https:\/\/cdnoticias.com\/index.php\/wp-json\/wp\/v2\/categories?post=137180"},{"taxonomy":"post_tag","embeddable":true,"href":"https:\/\/cdnoticias.com\/index.php\/wp-json\/wp\/v2\/tags?post=137180"}],"curies":[{"name":"wp","href":"https:\/\/api.w.org\/{rel}","templated":true}]}}