{"id":13718,"date":"2021-02-14T08:47:01","date_gmt":"2021-02-14T11:47:01","guid":{"rendered":"http:\/\/www.centraldenoticias.com.ar\/?p=13718"},"modified":"2021-02-14T08:47:01","modified_gmt":"2021-02-14T11:47:01","slug":"un-joven-de-25-anos-fue-sorprendido-robando-cobre-en-loma-negra","status":"publish","type":"post","link":"https:\/\/cdnoticias.com\/index.php\/2021\/02\/14\/un-joven-de-25-anos-fue-sorprendido-robando-cobre-en-loma-negra\/","title":{"rendered":"Un joven de 25 a\u00f1os fue sorprendido robando cobre en Loma Negra"},"content":{"rendered":"<p>Sucedi\u00f3 en el predio de la f\u00e1brica L\u00b4Amal\u00ed. El acusado hab\u00eda violentado una subestaci\u00f3n el\u00e9ctrica y robado cerca de 20 kilos de alambre.<!--more--><\/p>\n<hr \/>\n<p>En las \u00faltimas horas personal de la subcomisar\u00eda de Loma Negra llev\u00f3 adelante la captura de un joven de 25 a\u00f1os, quien <strong>fue sorprendido cuando intentaba alejarse con una bolsa con alrededor de 20 kilos de alambre de cobre.<\/strong><\/p>\n<p>&nbsp;<\/p>\n<p>Sucedi\u00f3 en el interior del predio de L\u00b4Amal\u00ed, donde el acusado <strong>hab\u00eda logrado violentar una subestaci\u00f3n el\u00e9ctrica. En su poder, adem\u00e1s, fueron hallados 4 discos de corte.<\/strong><\/p>\n<p>&nbsp;<\/p>\n<p>Se le iniciaron actuaciones por<strong> \u201crobo agravado por efracci\u00f3n, in fraganti delito\u201d<\/strong>. Permanece alojado en la seccional policial de la localidad serrana a disposici\u00f3n de la fiscal en turno, la doctora Mar\u00eda Paula Serrano de la UFI 4.<\/p>\n<p>&nbsp;<\/p>\n","protected":false},"excerpt":{"rendered":"<p>Sucedi\u00f3 en el predio de la f\u00e1brica L\u00b4Amal\u00ed. El acusado hab\u00eda violentado una subestaci\u00f3n el\u00e9ctrica y robado cerca de 20<\/p>\n","protected":false},"author":3,"featured_media":13719,"comment_status":"closed","ping_status":"closed","sticky":false,"template":"","format":"standard","meta":{"_jetpack_memberships_contains_paid_content":false,"footnotes":""},"categories":[14,1],"tags":[],"class_list":["post-13718","post","type-post","status-publish","format-standard","has-post-thumbnail","hentry","category-policiales","category-portada"],"jetpack_featured_media_url":"https:\/\/i0.wp.com\/cdnoticias.com\/wp-content\/uploads\/2021\/02\/loma-negra.jpg?fit=748%2C394&ssl=1","jetpack_sharing_enabled":true,"_links":{"self":[{"href":"https:\/\/cdnoticias.com\/index.php\/wp-json\/wp\/v2\/posts\/13718","targetHints":{"allow":["GET"]}}],"collection":[{"href":"https:\/\/cdnoticias.com\/index.php\/wp-json\/wp\/v2\/posts"}],"about":[{"href":"https:\/\/cdnoticias.com\/index.php\/wp-json\/wp\/v2\/types\/post"}],"author":[{"embeddable":true,"href":"https:\/\/cdnoticias.com\/index.php\/wp-json\/wp\/v2\/users\/3"}],"replies":[{"embeddable":true,"href":"https:\/\/cdnoticias.com\/index.php\/wp-json\/wp\/v2\/comments?post=13718"}],"version-history":[{"count":0,"href":"https:\/\/cdnoticias.com\/index.php\/wp-json\/wp\/v2\/posts\/13718\/revisions"}],"wp:featuredmedia":[{"embeddable":true,"href":"https:\/\/cdnoticias.com\/index.php\/wp-json\/wp\/v2\/media\/13719"}],"wp:attachment":[{"href":"https:\/\/cdnoticias.com\/index.php\/wp-json\/wp\/v2\/media?parent=13718"}],"wp:term":[{"taxonomy":"category","embeddable":true,"href":"https:\/\/cdnoticias.com\/index.php\/wp-json\/wp\/v2\/categories?post=13718"},{"taxonomy":"post_tag","embeddable":true,"href":"https:\/\/cdnoticias.com\/index.php\/wp-json\/wp\/v2\/tags?post=13718"}],"curies":[{"name":"wp","href":"https:\/\/api.w.org\/{rel}","templated":true}]}}