{"id":137175,"date":"2023-07-22T13:56:29","date_gmt":"2023-07-22T16:56:29","guid":{"rendered":"http:\/\/centraldeportes.com.ar\/?p=39056"},"modified":"2025-02-11T20:42:21","modified_gmt":"2025-02-11T23:42:21","slug":"los-juegos-nacionales-adetra-seran-en-olavarria","status":"publish","type":"post","link":"https:\/\/cdnoticias.com\/index.php\/2023\/07\/22\/los-juegos-nacionales-adetra-seran-en-olavarria\/","title":{"rendered":"Los Juegos Nacionales ADETRA ser\u00e1n en Olavarr\u00eda"},"content":{"rendered":"<p>La competencia para personas trasplantadas tendr\u00e1 variadas disciplinas y se desarrollar\u00e1n a mediados de agosto.<!--more--><\/p>\n<hr \/>\n<p>Durante el mediod\u00eda del pasado viernes, autoridades municipales se congregaron en la sala de reuniones del Palacio Municipal para diagramar los venideros <strong>Juegos Nacionales de la Asociaci\u00f3n de Deportistas Trasplantados de la Rep\u00fablica Argentina 2023<\/strong> (ADETRA).<\/p>\n<p>&nbsp;<\/p>\n<p>Encabez\u00f3 el intendente municipal, <strong>Ezequiel Galli<\/strong>, y estuvo acompa\u00f1ado por el secretario de Desarrollo Humano y Calidad de Vida, <strong>Diego Robbiani<\/strong>; el subsecretario de Deportes y Recreaci\u00f3n, <strong>Juan Agust\u00edn Galli<\/strong> y el Director de Gesti\u00f3n Deportiva, <strong>Oscar Gonz\u00e1lez<\/strong>.<\/p>\n<p>&nbsp;<\/p>\n<p>En dicha reuni\u00f3n, recibieron al presidente de ADETRA, <strong>Juan Trigo<\/strong>, quien estuvo acompa\u00f1ado por el vicepresidente de la entidad, <strong>Ricardo Hoffmann<\/strong>, adem\u00e1s de <strong>Pablo Grunewald<\/strong>, referente del deporte olavarriense para personas trasplantadas.<\/p>\n<p>&nbsp;<\/p>\n<p>All\u00ed, se acord\u00f3 que <strong>los Juegos Nacionales se realizar\u00e1n entre los d\u00edas 19 y 21 de agosto<\/strong> y abarcar\u00e1 nueve disciplinas: atletismo, tenis, nataci\u00f3n, golf, tenis de mesa, v\u00f3ley, ciclismo y newcom.<\/p>\n<p>&nbsp;<\/p>\n<p><em><strong>Fuente: Prensa Municipio.<\/strong><\/em><\/p>\n","protected":false},"excerpt":{"rendered":"<p>La competencia para personas trasplantadas tendr\u00e1 variadas disciplinas y se desarrollar\u00e1n a mediados de agosto.<\/p>\n","protected":false},"author":96739694,"featured_media":156517,"comment_status":"closed","ping_status":"closed","sticky":false,"template":"","format":"standard","meta":{"_jetpack_memberships_contains_paid_content":false,"footnotes":""},"categories":[30,1],"tags":[],"class_list":["post-137175","post","type-post","status-publish","format-standard","has-post-thumbnail","hentry","category-polideportivo","category-portada"],"jetpack_featured_media_url":"https:\/\/i0.wp.com\/cdnoticias.com\/wp-content\/uploads\/2023\/07\/Deportes-Juegos-ADETRA-2023-1024x685.jpg?fit=1024%2C685&ssl=1","jetpack_sharing_enabled":true,"_links":{"self":[{"href":"https:\/\/cdnoticias.com\/index.php\/wp-json\/wp\/v2\/posts\/137175","targetHints":{"allow":["GET"]}}],"collection":[{"href":"https:\/\/cdnoticias.com\/index.php\/wp-json\/wp\/v2\/posts"}],"about":[{"href":"https:\/\/cdnoticias.com\/index.php\/wp-json\/wp\/v2\/types\/post"}],"author":[{"embeddable":true,"href":"https:\/\/cdnoticias.com\/index.php\/wp-json\/wp\/v2\/users\/96739694"}],"replies":[{"embeddable":true,"href":"https:\/\/cdnoticias.com\/index.php\/wp-json\/wp\/v2\/comments?post=137175"}],"version-history":[{"count":0,"href":"https:\/\/cdnoticias.com\/index.php\/wp-json\/wp\/v2\/posts\/137175\/revisions"}],"wp:featuredmedia":[{"embeddable":true,"href":"https:\/\/cdnoticias.com\/index.php\/wp-json\/wp\/v2\/media\/156517"}],"wp:attachment":[{"href":"https:\/\/cdnoticias.com\/index.php\/wp-json\/wp\/v2\/media?parent=137175"}],"wp:term":[{"taxonomy":"category","embeddable":true,"href":"https:\/\/cdnoticias.com\/index.php\/wp-json\/wp\/v2\/categories?post=137175"},{"taxonomy":"post_tag","embeddable":true,"href":"https:\/\/cdnoticias.com\/index.php\/wp-json\/wp\/v2\/tags?post=137175"}],"curies":[{"name":"wp","href":"https:\/\/api.w.org\/{rel}","templated":true}]}}