{"id":137173,"date":"2023-07-22T09:43:57","date_gmt":"2023-07-22T12:43:57","guid":{"rendered":"http:\/\/centraldeportes.com.ar\/?p=39049"},"modified":"2025-02-11T20:42:23","modified_gmt":"2025-02-11T23:42:23","slug":"colonias-y-cerros-presento-las-camisetas-y-el-plantel-femenino-de-futbol","status":"publish","type":"post","link":"https:\/\/cdnoticias.com\/index.php\/2023\/07\/22\/colonias-y-cerros-presento-las-camisetas-y-el-plantel-femenino-de-futbol\/","title":{"rendered":"Colonias y Cerros present\u00f3 las camisetas y el plantel femenino de f\u00fatbol"},"content":{"rendered":"<p>Este pr\u00f3ximo domingo, la entidad \u201cTricolor\u201d debutar\u00e1 por primera vez en un torneo de Primera Divisi\u00f3n perteneciente al femenino local.<!--more--><\/p>\n<hr \/>\n<p>La joven instituci\u00f3n que despleg\u00f3 <strong>Marcelo Gadea<\/strong> de la <strong>Asociaci\u00f3n Civil y Deportiva Colonias y Cerros<\/strong> a principios del corriente a\u00f1o, sum\u00f3 a su estandarte el equipo de f\u00fatbol femenino que representar\u00e1 al club en el Torneo Clausura de Primera Divisi\u00f3n organizado por la<strong> Liga de F\u00fatbol de Olavarr\u00eda<\/strong> (LFO).<\/p>\n<p>&nbsp;<\/p>\n<p>Tal idea se sum\u00f3 al proyecto ya instaurado de los planteles mayores masculinos, Escuelita de F\u00fatbol y Divisiones Inferiores. <strong>Asimismo, se anunci\u00f3 que a partir del siguiente torneo de Formativas, Colonias y Cerros participar\u00e1 en tres categor\u00edas<\/strong>.<\/p>\n<p>&nbsp;<\/p>\n<p>Por su parte, en la tarde noche del viernes, <strong>la entidad \u201cTricolor\u201d present\u00f3 de manera oficial el plantel femenino y las camisetas que usar\u00e1n para la competencia<\/strong>, dise\u00f1adas por la indumentaria A44. Dicha reuni\u00f3n se llev\u00f3 adelante en la sala de conferencias de <strong>La Casa del Deporte<\/strong>.<\/p>\n<p>&nbsp;<\/p>\n<p>Ante la presencia de las propias jugadoras, encabezaron la reuni\u00f3n <strong>Marcelo Gadea<\/strong>, presidente de Colonias y Cerros; <strong>H\u00e9ctor Aller<\/strong>, titular del f\u00fatbol femenino de la LFO; el Director T\u00e9cnico, <strong>Ezequiel Cejas<\/strong> y la Coordinadora General, <strong>Roc\u00edo Mart\u00ednez<\/strong>.<\/p>\n<p>&nbsp;<\/p>\n<blockquote><p>El primer encargado de brindar unas palabras fue Gadea, quien sostuvo que: \u201c<strong><em>Esto no ser\u00eda posible sin el acompa\u00f1amiento de mucha gente, desde dirigentes hasta el grupo de las subcomisiones de f\u00fatbol<\/em><\/strong>\u201d. Adem\u00e1s, agreg\u00f3 que: \u201c<strong><em>Desde nuestra instituci\u00f3n vamos a acompa\u00f1ar y cuidar a todas las jugadoras, queda agradecerles y darles la bienvenida<\/em><\/strong>\u201d.<\/p><\/blockquote>\n<p>&nbsp;<\/p>\n<p>[soliloquy id=&#8221;39035&#8243;]<\/p>\n<p>&nbsp;<\/p>\n<p>Posteriormente, Aller le dio la bienvenida y cont\u00f3 que: \u201c<strong><em>Para la Liga es una alegr\u00eda que se sigan sumando equipos en el f\u00fatbol femenino. Las puertas est\u00e1n abiertas y estamos a disposici\u00f3n<\/em><\/strong>\u201d.<\/p>\n<p>&nbsp;<\/p>\n<p>\u201c<strong><em>La idea a futuro es armar un grupo de trabajo para las formativas femeninas, lo que va a permitir el andamiaje y oxigenaci\u00f3n para que vayan surgiendo chicas de la cantera<\/em><\/strong>\u201d, ratific\u00f3 posteriormente el m\u00e1ximo dirigente \u201cTricolor\u201d.<\/p>\n<p>&nbsp;<\/p>\n<p>Por otro lado, el t\u00e9cnico tambi\u00e9n se manifest\u00f3 al respecto de la situaci\u00f3n y sostuvo: \u201c<em><strong>Venimos trabajando hace tres meses con chicas que han jugado en Liga y otras que no<\/strong>. Tuvimos amistosos con Municipales, creo que con el desarrollo del torneo vamos a ir mejorando de a poco<\/em>\u201d.<\/p>\n<p>&nbsp;<\/p>\n<blockquote><p>\u201cLas chicas est\u00e1n con nervios y muchas ganas por el debut\u201d<\/p><\/blockquote>\n<p>&nbsp;<\/p>\n<p>En paralelo, Cejas admiti\u00f3 que: \u201c<strong><em>Estuve un a\u00f1o en Embajadores y cuando dej\u00e9 me llam\u00f3 Marcelo \u2013 Gadea \u2013 y arranqu\u00e9 enseguida con el proyecto<\/em><\/strong>\u201d.<\/p>\n<p>&nbsp;<\/p>\n<p>La primera fecha del Clausura las chicas de Colonias y Cerros quedaron libres, pero <strong>este domingo tendr\u00e1n su debut frente a Municipales B<\/strong> en el Pedro Iriart Legorburu de Sierra Chica.<\/p>\n","protected":false},"excerpt":{"rendered":"<p>Este pr\u00f3ximo domingo, la entidad \u201cTricolor\u201d debutar\u00e1 por primera vez en un torneo de Primera Divisi\u00f3n perteneciente al femenino local.<\/p>\n","protected":false},"author":96739694,"featured_media":156521,"comment_status":"closed","ping_status":"closed","sticky":false,"template":"","format":"standard","meta":{"_jetpack_memberships_contains_paid_content":false,"footnotes":""},"categories":[47,35,1],"tags":[],"class_list":["post-137173","post","type-post","status-publish","format-standard","has-post-thumbnail","hentry","category-femenino","category-futbol","category-portada"],"jetpack_featured_media_url":"https:\/\/i0.wp.com\/cdnoticias.com\/wp-content\/uploads\/2023\/07\/cyc-fem-6.jpeg?fit=1500%2C1000&ssl=1","jetpack_sharing_enabled":true,"_links":{"self":[{"href":"https:\/\/cdnoticias.com\/index.php\/wp-json\/wp\/v2\/posts\/137173","targetHints":{"allow":["GET"]}}],"collection":[{"href":"https:\/\/cdnoticias.com\/index.php\/wp-json\/wp\/v2\/posts"}],"about":[{"href":"https:\/\/cdnoticias.com\/index.php\/wp-json\/wp\/v2\/types\/post"}],"author":[{"embeddable":true,"href":"https:\/\/cdnoticias.com\/index.php\/wp-json\/wp\/v2\/users\/96739694"}],"replies":[{"embeddable":true,"href":"https:\/\/cdnoticias.com\/index.php\/wp-json\/wp\/v2\/comments?post=137173"}],"version-history":[{"count":0,"href":"https:\/\/cdnoticias.com\/index.php\/wp-json\/wp\/v2\/posts\/137173\/revisions"}],"wp:featuredmedia":[{"embeddable":true,"href":"https:\/\/cdnoticias.com\/index.php\/wp-json\/wp\/v2\/media\/156521"}],"wp:attachment":[{"href":"https:\/\/cdnoticias.com\/index.php\/wp-json\/wp\/v2\/media?parent=137173"}],"wp:term":[{"taxonomy":"category","embeddable":true,"href":"https:\/\/cdnoticias.com\/index.php\/wp-json\/wp\/v2\/categories?post=137173"},{"taxonomy":"post_tag","embeddable":true,"href":"https:\/\/cdnoticias.com\/index.php\/wp-json\/wp\/v2\/tags?post=137173"}],"curies":[{"name":"wp","href":"https:\/\/api.w.org\/{rel}","templated":true}]}}