{"id":137172,"date":"2023-07-22T07:43:05","date_gmt":"2023-07-22T10:43:05","guid":{"rendered":"http:\/\/centraldeportes.com.ar\/?p=39047"},"modified":"2025-02-11T20:42:26","modified_gmt":"2025-02-11T23:42:26","slug":"janson-se-realizo-la-revision-medica-y-resta-la-firma","status":"publish","type":"post","link":"https:\/\/cdnoticias.com\/index.php\/2023\/07\/22\/janson-se-realizo-la-revision-medica-y-resta-la-firma\/","title":{"rendered":"Janson se realiz\u00f3 la revisi\u00f3n m\u00e9dica y resta la firma"},"content":{"rendered":"<p>El futbolista olavarriense est\u00e1 en camino de ser oficialmente refuerzo de Boca Juniors.<!--more--><\/p>\n<hr \/>\n<p>Durante la ma\u00f1ana del viernes, <strong>Lucas Janson<\/strong> acudi\u00f3 al Centro M\u00e9dico Genea y <strong>se someti\u00f3 las pruebas cl\u00ednicas previas<\/strong> para convertirse en pr\u00f3ximo jugador del \u201cXeneize\u201d.<\/p>\n<p>&nbsp;<\/p>\n<p>Luego del sanatorio, el olavarriense debi\u00f3 trasladarse al club para culminar los estudios y solo le falta poner el sello en el contrato. <strong>Firmar\u00e1 un v\u00ednculo por cuatro a\u00f1os con la entidad de La Ribera<\/strong>.<\/p>\n<p>&nbsp;<\/p>\n<p>Janson ser\u00e1 pieza clave para la idea de Jorge Almir\u00f3n ante la faltante de Sebasti\u00e1n Villa. <strong>Durante el vigente a\u00f1o, el delantero local lleva cuatro goles convertidos<\/strong> (Gimnasia de La Plata, Boca y doblete contra Banfield).<\/p>\n","protected":false},"excerpt":{"rendered":"<p>El futbolista olavarriense est\u00e1 en camino de ser oficialmente refuerzo de Boca Juniors.<\/p>\n","protected":false},"author":96739694,"featured_media":152190,"comment_status":"closed","ping_status":"closed","sticky":false,"template":"","format":"standard","meta":{"_jetpack_memberships_contains_paid_content":false,"footnotes":""},"categories":[35,37,1],"tags":[],"class_list":["post-137172","post","type-post","status-publish","format-standard","has-post-thumbnail","hentry","category-futbol","category-futbol-profesional","category-portada"],"jetpack_featured_media_url":"https:\/\/i0.wp.com\/cdnoticias.com\/wp-content\/uploads\/2023\/01\/Lucas-Janson-amistoso-pretemporada-vs-Def.-Sporting-e1673745555752.jpeg?fit=1280%2C812&ssl=1","jetpack_sharing_enabled":true,"_links":{"self":[{"href":"https:\/\/cdnoticias.com\/index.php\/wp-json\/wp\/v2\/posts\/137172","targetHints":{"allow":["GET"]}}],"collection":[{"href":"https:\/\/cdnoticias.com\/index.php\/wp-json\/wp\/v2\/posts"}],"about":[{"href":"https:\/\/cdnoticias.com\/index.php\/wp-json\/wp\/v2\/types\/post"}],"author":[{"embeddable":true,"href":"https:\/\/cdnoticias.com\/index.php\/wp-json\/wp\/v2\/users\/96739694"}],"replies":[{"embeddable":true,"href":"https:\/\/cdnoticias.com\/index.php\/wp-json\/wp\/v2\/comments?post=137172"}],"version-history":[{"count":0,"href":"https:\/\/cdnoticias.com\/index.php\/wp-json\/wp\/v2\/posts\/137172\/revisions"}],"wp:featuredmedia":[{"embeddable":true,"href":"https:\/\/cdnoticias.com\/index.php\/wp-json\/wp\/v2\/media\/152190"}],"wp:attachment":[{"href":"https:\/\/cdnoticias.com\/index.php\/wp-json\/wp\/v2\/media?parent=137172"}],"wp:term":[{"taxonomy":"category","embeddable":true,"href":"https:\/\/cdnoticias.com\/index.php\/wp-json\/wp\/v2\/categories?post=137172"},{"taxonomy":"post_tag","embeddable":true,"href":"https:\/\/cdnoticias.com\/index.php\/wp-json\/wp\/v2\/tags?post=137172"}],"curies":[{"name":"wp","href":"https:\/\/api.w.org\/{rel}","templated":true}]}}