{"id":137160,"date":"2023-07-20T01:04:50","date_gmt":"2023-07-20T04:04:50","guid":{"rendered":"http:\/\/centraldeportes.com.ar\/?p=38967"},"modified":"2025-02-11T20:40:15","modified_gmt":"2025-02-11T23:40:15","slug":"regional-pampeano-racing-y-santa-rita-quedaron-a-mano-en-el-buglione","status":"publish","type":"post","link":"https:\/\/cdnoticias.com\/index.php\/2023\/07\/20\/regional-pampeano-racing-y-santa-rita-quedaron-a-mano-en-el-buglione\/","title":{"rendered":"Regional Pampeano: Racing y Santa Rita quedaron a mano en el Buglione"},"content":{"rendered":"<p>El \u201cChaira\u201d lo empat\u00f3 a minutos del cierre, dej\u00f3 la llave de semis abierta y el boleto a la definici\u00f3n se decidir\u00e1 la pr\u00f3xima semana en Piedritas.<!--more--><\/p>\n<hr \/>\n<p>Un <strong>Racing<\/strong> con bajas importantes dentro del equipo volvi\u00f3 al verde c\u00e9sped en la fr\u00eda noche de este mi\u00e9rcoles y afront\u00f3 un nuevo compromiso por el <strong>Torneo Regional Bonaerense Pampeano<\/strong>. Por la ida de las semifinales, recibi\u00f3 en el Jos\u00e9 Buglione Martinese a <strong>Santa Rita de Piedritas<\/strong> (General Villegas).<\/p>\n<p>&nbsp;<\/p>\n<p>El \u201cLobo\u201d, por ahora invicto en la competencia,<strong> abri\u00f3 el marcador a los 37\u2019 del complemento por medio de<\/strong> <strong>Jos\u00e9 Vera<\/strong>, pero el \u201cChaira\u201d reaccion\u00f3 a tiempo y desde el punto penal, <strong>Rub\u00e9n Tarasco<\/strong> <strong>puso el 1 a 1 definitivo a los 42\u2019 de la misma etapa<\/strong>. Sobre el final se fue expulsado Agust\u00edn Gonz\u00e1lez por roja directa en \u201cLa Estrellita\u201d. La buena: retorn\u00f3 Mujica y tuvo minutos.<\/p>\n<p>&nbsp;<\/p>\n<h6><strong>El partido, los detalles<\/strong><\/h6>\n<p>&nbsp;<\/p>\n<p>De tr\u00e1mite parejo fueron los primeros 45 minutos, donde hubo pocos espacios para jugar y cada dividida se meti\u00f3 y trab\u00f3 como si fuera la \u00faltima. Racing arranc\u00f3 mejor, con Ordozgoiti movedizo por la banda izquierda y que tuvo una de las \u00fanicas llegadas del \u201cChaira\u201d en el primer tiempo a los 20\u2019, con un remate que control\u00f3 sin problemas Chapado.<\/p>\n<p>&nbsp;<\/p>\n<p>Luego de la media hora, Santa Rita, que demostr\u00f3 ser un equipo duro, se orden\u00f3 en el terreno de juego, empez\u00f3 a ganar las segundas pelotas y domin\u00f3 al \u201cChaira\u201d hasta el cierre del per\u00edodo. La m\u00e1s peligrosa la tuvo a los 39\u2019: Matos intent\u00f3 salir jugando y se la regal\u00f3 a G\u00f3mez que defini\u00f3 entrando al \u00e1rea y la mando por arriba del horizontal.<\/p>\n<p>&nbsp;<\/p>\n<p>[soliloquy id=&#8221;38966&#8243;]<\/p>\n<p>&nbsp;<\/p>\n<p>En el segundo tiempo, el juego se lateraliz\u00f3 y ambos tuvieron poco peso en terreno rival. El conjunto de Carletti se perfil\u00f3 m\u00e1s para los contragolpes (a priori el empate le serv\u00eda), en tanto que a los del \u201cChueco\u201d les cost\u00f3 hilvanar juego asociado para profundizar en el \u00e1rea de Santa Rita. El ingreso de Pablo Mujica solvent\u00f3 bastante la situaci\u00f3n.<\/p>\n<p>&nbsp;<\/p>\n<p>Sin embargo, cuando todo parec\u00eda un cerrado empate en cero la visita abri\u00f3 el marcador. <strong>Previo bal\u00f3n detenido sobre la izquierda, a los 82\u2019, Ver\u00f3n mand\u00f3 la pelota al punto penal y por el medio apareci\u00f3 Jos\u00e9 Vera, quien la termin\u00f3 de empujar a la red y puso el 1 a 0 para el \u201cLobo\u201d en el Buglione<\/strong>.<\/p>\n<p>&nbsp;<\/p>\n<p>La visita se llevaba un resultado ideal a Piedritas, pero <strong>a los 86\u2019 una mano de Regis dentro del \u00e1rea tras maniobra efectiva de Garabento termin\u00f3 en la pena m\u00e1xima desde los once metros que capitaliz\u00f3 Rub\u00e9n Tarasco y sell\u00f3 el 1 a 1 definitivo<\/strong> a tres minutos para el tiempo cumplido.<\/p>\n<p>&nbsp;<\/p>\n<p>Justo empate en el c\u00e9sped del Buglione, Racing no merec\u00eda irse con las manos vac\u00edas y logr\u00f3 rescatar un empate que lo obliga a definir la serie el mi\u00e9rcoles que viene en General Villegas.<\/p>\n<p>&nbsp;<\/p>\n<p><strong>S\u00edntesis Racing \u2013 Santa Rita: <\/strong><\/p>\n<p><strong>Racing (1):<\/strong> Jos\u00e9 Matos; Joaqu\u00edn Ayesa (D. Garabento), Nicol\u00e1s Grigera, Ayrton Palmieri, Ignacio Baldo; Manuel Scacheri, Diego Fr\u00edas (T. Kolman), Alejandro Cataldi (A. Gonz\u00e1lez); Mat\u00edas Ordozgoiti; Ferm\u00edn Kolman (P. Mujica) y Rub\u00e9n Tarasco. DT: David Garc\u00eda Lorenzo.<\/p>\n<p><strong>Santa Rita (1): <\/strong>Joaqu\u00edn Chapado; Santiago Filippi, Jos\u00e9 Vera, Santiago Piovani, Arturo Ledesma; Nicol\u00e1s Ver\u00f3n, Gast\u00f3n Regis, Aben Ponzi, Eber G\u00f3mez (G. Mu\u00f1oz); Alejo Ponzi y Ramiro Peters. DT: Ezequiel Carletti.<\/p>\n<p><strong>Goles: <\/strong>37m. ST Jos\u00e9 Vera (SR); 42m. ST Rub\u00e9n Tarasco \u2013 p \u2013 (R).<\/p>\n<p><strong>Amonestados: <\/strong>Ordozgoiti, Vivas (desde el banco) y Scacheri (Racing); Vera y A. Ponzi (Santa Rita).<\/p>\n<p><strong>Expulsados: <\/strong>44m. PT David Garc\u00eda Lorenzo \u2013 DT \u2013 (R) y 45m. (+2) ST Agust\u00edn Gonz\u00e1lez (R).<\/p>\n<p><strong>\u00c1rbitro:<\/strong> Fernando Zabalza (Tandil). <strong>Estadio:<\/strong> Jos\u00e9 Buglione Martinese.<\/p>\n","protected":false},"excerpt":{"rendered":"<p>El \u201cChaira\u201d lo empat\u00f3 a minutos del cierre, dej\u00f3 la llave de semis abierta y el boleto a la definici\u00f3n<\/p>\n","protected":false},"author":96739694,"featured_media":156437,"comment_status":"closed","ping_status":"closed","sticky":false,"template":"","format":"standard","meta":{"_jetpack_memberships_contains_paid_content":false,"footnotes":""},"categories":[35,1,54],"tags":[],"class_list":["post-137160","post","type-post","status-publish","format-standard","has-post-thumbnail","hentry","category-futbol","category-portada","category-torneo-regional-amateur"],"jetpack_featured_media_url":"https:\/\/i0.wp.com\/cdnoticias.com\/wp-content\/uploads\/2023\/07\/racing-santarita-12.jpeg?fit=1280%2C853&ssl=1","jetpack_sharing_enabled":true,"_links":{"self":[{"href":"https:\/\/cdnoticias.com\/index.php\/wp-json\/wp\/v2\/posts\/137160","targetHints":{"allow":["GET"]}}],"collection":[{"href":"https:\/\/cdnoticias.com\/index.php\/wp-json\/wp\/v2\/posts"}],"about":[{"href":"https:\/\/cdnoticias.com\/index.php\/wp-json\/wp\/v2\/types\/post"}],"author":[{"embeddable":true,"href":"https:\/\/cdnoticias.com\/index.php\/wp-json\/wp\/v2\/users\/96739694"}],"replies":[{"embeddable":true,"href":"https:\/\/cdnoticias.com\/index.php\/wp-json\/wp\/v2\/comments?post=137160"}],"version-history":[{"count":0,"href":"https:\/\/cdnoticias.com\/index.php\/wp-json\/wp\/v2\/posts\/137160\/revisions"}],"wp:featuredmedia":[{"embeddable":true,"href":"https:\/\/cdnoticias.com\/index.php\/wp-json\/wp\/v2\/media\/156437"}],"wp:attachment":[{"href":"https:\/\/cdnoticias.com\/index.php\/wp-json\/wp\/v2\/media?parent=137160"}],"wp:term":[{"taxonomy":"category","embeddable":true,"href":"https:\/\/cdnoticias.com\/index.php\/wp-json\/wp\/v2\/categories?post=137160"},{"taxonomy":"post_tag","embeddable":true,"href":"https:\/\/cdnoticias.com\/index.php\/wp-json\/wp\/v2\/tags?post=137160"}],"curies":[{"name":"wp","href":"https:\/\/api.w.org\/{rel}","templated":true}]}}