{"id":137157,"date":"2023-07-19T17:57:02","date_gmt":"2023-07-19T20:57:02","guid":{"rendered":"http:\/\/centraldeportes.com.ar\/?p=38936"},"modified":"2025-02-11T20:40:18","modified_gmt":"2025-02-11T23:40:18","slug":"prosiguio-el-torneo-oficial-y-ferro-festejo-por-duplicado-en-las-damas","status":"publish","type":"post","link":"https:\/\/cdnoticias.com\/index.php\/2023\/07\/19\/prosiguio-el-torneo-oficial-y-ferro-festejo-por-duplicado-en-las-damas\/","title":{"rendered":"Prosigui\u00f3 el Torneo Oficial y Ferro festej\u00f3 por duplicado en las Damas"},"content":{"rendered":"<p>El pasado s\u00e1bado, en la previa al receso invernal, las categor\u00edas formativas del b\u00e1squet olavarriense completaron una nueva fecha del calendario programado por la Asociaci\u00f3n de B\u00e1squet de Olavarr\u00eda. Ferro, en dos categor\u00edas femeninas, se consagr\u00f3 campe\u00f3n.<!--more--><\/p>\n<hr \/>\n<p>En lo que respecta a resultados, el b\u00e1squet femenino local, finaliz\u00f3 con su primer torneo del a\u00f1o con la consagraci\u00f3n de Ferro y en la categor\u00eda masculina, jugaron la 19\u00b0 fecha.<\/p>\n<p>&nbsp;<\/p>\n<p>[soliloquy id=&#8221;38916&#8243;]<\/p>\n<p>&nbsp;<\/p>\n<p>Los resultados:<\/p>\n<p>Las Flores vs Chacarita &#8220;Rojo&#8221;:<br \/>\nMini: 55-56<br \/>\nU13: 35-62<br \/>\nU15: 61-35<br \/>\nU17: 54-56<\/p>\n<p>Las Flores vs Chacarita &#8220;Negro&#8221;:<br \/>\nU15: 37-59<br \/>\nU17: 57-81<\/p>\n<p>Estudiantes Blanco vs Pueblo Nuevo:<br \/>\nMini: 35-59<br \/>\nU15: 57-37<\/p>\n<p>Estudiantes Negro vs Independiente:<br \/>\nU13: 35 \u2013 65<br \/>\nU15: 50-58<\/p>\n<p>El Fort\u00edn \u2013 Loma Negra<br \/>\nMini: 55-22<br \/>\nU15: 51-50<br \/>\nU17: 36-70<\/p>\n<p>&nbsp;<\/p>\n<p>Femenino:<\/p>\n<p>Triangular U15<br \/>\nFerro 50 \u2013 32 San Mart\u00edn 32<br \/>\nRacing (O) 60 \u2013 56 San Mart\u00edn<br \/>\nFerro 57 \u2013 41 Racing (O)<\/p>\n<p>Cuadrangular U13:<br \/>\nSan Mart\u00edn \u2013 Loma Negra<br \/>\nFerro \u2013 Racing (L)<\/p>\n","protected":false},"excerpt":{"rendered":"<p>El pasado s\u00e1bado, en la previa al receso invernal, las categor\u00edas formativas del b\u00e1squet olavarriense completaron una nueva fecha del<\/p>\n","protected":false},"author":96739694,"featured_media":156441,"comment_status":"closed","ping_status":"closed","sticky":false,"template":"","format":"standard","meta":{"_jetpack_memberships_contains_paid_content":false,"footnotes":""},"categories":[31,44,1],"tags":[],"class_list":["post-137157","post","type-post","status-publish","format-standard","has-post-thumbnail","hentry","category-basquet","category-inferiores-basquet","category-portada"],"jetpack_featured_media_url":"https:\/\/i0.wp.com\/cdnoticias.com\/wp-content\/uploads\/2023\/07\/inf-abo-1-1.jpeg?fit=1500%2C1000&ssl=1","jetpack_sharing_enabled":true,"_links":{"self":[{"href":"https:\/\/cdnoticias.com\/index.php\/wp-json\/wp\/v2\/posts\/137157","targetHints":{"allow":["GET"]}}],"collection":[{"href":"https:\/\/cdnoticias.com\/index.php\/wp-json\/wp\/v2\/posts"}],"about":[{"href":"https:\/\/cdnoticias.com\/index.php\/wp-json\/wp\/v2\/types\/post"}],"author":[{"embeddable":true,"href":"https:\/\/cdnoticias.com\/index.php\/wp-json\/wp\/v2\/users\/96739694"}],"replies":[{"embeddable":true,"href":"https:\/\/cdnoticias.com\/index.php\/wp-json\/wp\/v2\/comments?post=137157"}],"version-history":[{"count":0,"href":"https:\/\/cdnoticias.com\/index.php\/wp-json\/wp\/v2\/posts\/137157\/revisions"}],"wp:featuredmedia":[{"embeddable":true,"href":"https:\/\/cdnoticias.com\/index.php\/wp-json\/wp\/v2\/media\/156441"}],"wp:attachment":[{"href":"https:\/\/cdnoticias.com\/index.php\/wp-json\/wp\/v2\/media?parent=137157"}],"wp:term":[{"taxonomy":"category","embeddable":true,"href":"https:\/\/cdnoticias.com\/index.php\/wp-json\/wp\/v2\/categories?post=137157"},{"taxonomy":"post_tag","embeddable":true,"href":"https:\/\/cdnoticias.com\/index.php\/wp-json\/wp\/v2\/tags?post=137157"}],"curies":[{"name":"wp","href":"https:\/\/api.w.org\/{rel}","templated":true}]}}