{"id":137155,"date":"2023-07-19T15:07:19","date_gmt":"2023-07-19T18:07:19","guid":{"rendered":"http:\/\/centraldeportes.com.ar\/?p=38911"},"modified":"2025-02-11T20:40:21","modified_gmt":"2025-02-11T23:40:21","slug":"nicolas-gimenez-jugara-en-argentino-de-junin","status":"publish","type":"post","link":"https:\/\/cdnoticias.com\/index.php\/2023\/07\/19\/nicolas-gimenez-jugara-en-argentino-de-junin\/","title":{"rendered":"Nicol\u00e1s Gim\u00e9nez jugar\u00e1 en Argentino de Jun\u00edn"},"content":{"rendered":"<p>El pivot olavarriense se transform\u00f3 en las \u00faltimas horas en otro representante en La Liga Nacional ya que arregl\u00f3 condiciones con Argentino.<!--more--><\/p>\n<hr \/>\n<p>Nicol\u00e1s Gim\u00e9nez volver\u00e1 a jugar la primera categor\u00eda del b\u00e1squet argentino tras transformarse en jugador de Argentino de Jun\u00edn.<\/p>\n<p>&nbsp;<\/p>\n<p>El \u201cTurco\u201d y el ex jugador de J\u00e1chal llegaron a un acuerdo contractual y en la temporada 23\/24 estar\u00e1n juntos en La Liga Nacional, significando el regreso del olavarriense a la divisional.<\/p>\n<p>&nbsp;<\/p>\n<p>Gim\u00e9nez que realiz\u00f3 su formaci\u00f3n en Pe\u00f1arol se sumar\u00e1 al representante de Jun\u00edn finalizada su actuaci\u00f3n en la LiBoBasquet donde representa, por segunda temporada, a Saracho.<\/p>\n","protected":false},"excerpt":{"rendered":"<p>El pivot olavarriense se transform\u00f3 en las \u00faltimas horas en otro representante en La Liga Nacional ya que arregl\u00f3 condiciones<\/p>\n","protected":false},"author":96739694,"featured_media":152110,"comment_status":"closed","ping_status":"closed","sticky":false,"template":"","format":"standard","meta":{"_jetpack_memberships_contains_paid_content":false,"footnotes":""},"categories":[31,36,1],"tags":[],"class_list":["post-137155","post","type-post","status-publish","format-standard","has-post-thumbnail","hentry","category-basquet","category-liga-nacional","category-portada"],"jetpack_featured_media_url":"https:\/\/i0.wp.com\/cdnoticias.com\/wp-content\/uploads\/2023\/01\/1666804850343.jpeg?fit=770%2C440&ssl=1","jetpack_sharing_enabled":true,"_links":{"self":[{"href":"https:\/\/cdnoticias.com\/index.php\/wp-json\/wp\/v2\/posts\/137155","targetHints":{"allow":["GET"]}}],"collection":[{"href":"https:\/\/cdnoticias.com\/index.php\/wp-json\/wp\/v2\/posts"}],"about":[{"href":"https:\/\/cdnoticias.com\/index.php\/wp-json\/wp\/v2\/types\/post"}],"author":[{"embeddable":true,"href":"https:\/\/cdnoticias.com\/index.php\/wp-json\/wp\/v2\/users\/96739694"}],"replies":[{"embeddable":true,"href":"https:\/\/cdnoticias.com\/index.php\/wp-json\/wp\/v2\/comments?post=137155"}],"version-history":[{"count":0,"href":"https:\/\/cdnoticias.com\/index.php\/wp-json\/wp\/v2\/posts\/137155\/revisions"}],"wp:featuredmedia":[{"embeddable":true,"href":"https:\/\/cdnoticias.com\/index.php\/wp-json\/wp\/v2\/media\/152110"}],"wp:attachment":[{"href":"https:\/\/cdnoticias.com\/index.php\/wp-json\/wp\/v2\/media?parent=137155"}],"wp:term":[{"taxonomy":"category","embeddable":true,"href":"https:\/\/cdnoticias.com\/index.php\/wp-json\/wp\/v2\/categories?post=137155"},{"taxonomy":"post_tag","embeddable":true,"href":"https:\/\/cdnoticias.com\/index.php\/wp-json\/wp\/v2\/tags?post=137155"}],"curies":[{"name":"wp","href":"https:\/\/api.w.org\/{rel}","templated":true}]}}