{"id":137154,"date":"2023-07-18T20:47:16","date_gmt":"2023-07-18T23:47:16","guid":{"rendered":"http:\/\/centraldeportes.com.ar\/?p=38909"},"modified":"2025-02-11T20:40:22","modified_gmt":"2025-02-11T23:40:22","slug":"racing-se-quedo-sin-santiago-izaguirre-para-lo-que-resta-del-ano","status":"publish","type":"post","link":"https:\/\/cdnoticias.com\/index.php\/2023\/07\/18\/racing-se-quedo-sin-santiago-izaguirre-para-lo-que-resta-del-ano\/","title":{"rendered":"Racing se qued\u00f3 sin Santiago Izaguirre para lo que resta del a\u00f1o"},"content":{"rendered":"<p>Se conoci\u00f3 el grado de lesi\u00f3n del jugador. Estar\u00e1 entre cinco y siete meses alejado de las canchas.<!--more--><\/p>\n<hr \/>\n<p>No son buenas noticias para el mundo \u201cChaira\u201d, ya que en la tarde de este martes<strong> se inform\u00f3 el grado de lesi\u00f3n de Santiago Izaguirre<\/strong>. El ex Ciudad de Bol\u00edvar sufri\u00f3 la<strong> rotura de ligamentos cruzados de su rodilla derecha<\/strong> y estar\u00e1 un tiempo lejos del verde c\u00e9sped.<\/p>\n<p>&nbsp;<\/p>\n<p>As\u00ed lo confirm\u00f3 la instituci\u00f3n de la \u201cEstrellita\u201d a trav\u00e9s de sus redes sociales. <strong>Izaguirre ser\u00e1 intervenido quir\u00fargicamente en los primeros de agosto y la recuperaci\u00f3n le llevar\u00e1 entre cinco y siete meses<\/strong>.<\/p>\n<p>&nbsp;<\/p>\n<p>\u201c<em>Compa\u00f1eros, cuerpo t\u00e9cnico, dirigentes y todos los hinchas valo<\/em><em>ran el sacrificio que deja cada domingo en la cancha. Le deseamos pronta recuperaci\u00f3n<\/em>\u201d, rez\u00f3 la cuenta de Racing en su posteo.<\/p>\n<p>&nbsp;<\/p>\n<p>Baja sensible para el \u201cChueco\u201d Garc\u00eda Lorenzo perdiendo una pieza clave en el mediocampo. Asimismo, este<strong> mi\u00e9rcoles desde las 19:00 horas, el elenco \u201cChaira\u201d iniciar\u00e1 la serie de semifinales del Regional Pampeano ante Santa Rita de Piedritas<\/strong> en el estadio Jos\u00e9 Buglione Martinese.<\/p>\n","protected":false},"excerpt":{"rendered":"<p>Se conoci\u00f3 el grado de lesi\u00f3n del jugador. Estar\u00e1 entre cinco y siete meses alejado de las canchas.<\/p>\n","protected":false},"author":96739694,"featured_media":156448,"comment_status":"closed","ping_status":"closed","sticky":false,"template":"","format":"standard","meta":{"_jetpack_memberships_contains_paid_content":false,"footnotes":""},"categories":[35,1,41],"tags":[],"class_list":["post-137154","post","type-post","status-publish","format-standard","has-post-thumbnail","hentry","category-futbol","category-portada","category-primera-y-reserva"],"jetpack_featured_media_url":"https:\/\/i0.wp.com\/cdnoticias.com\/wp-content\/uploads\/2023\/04\/racing-interligas-5.jpeg?fit=1280%2C853&ssl=1","jetpack_sharing_enabled":true,"_links":{"self":[{"href":"https:\/\/cdnoticias.com\/index.php\/wp-json\/wp\/v2\/posts\/137154","targetHints":{"allow":["GET"]}}],"collection":[{"href":"https:\/\/cdnoticias.com\/index.php\/wp-json\/wp\/v2\/posts"}],"about":[{"href":"https:\/\/cdnoticias.com\/index.php\/wp-json\/wp\/v2\/types\/post"}],"author":[{"embeddable":true,"href":"https:\/\/cdnoticias.com\/index.php\/wp-json\/wp\/v2\/users\/96739694"}],"replies":[{"embeddable":true,"href":"https:\/\/cdnoticias.com\/index.php\/wp-json\/wp\/v2\/comments?post=137154"}],"version-history":[{"count":0,"href":"https:\/\/cdnoticias.com\/index.php\/wp-json\/wp\/v2\/posts\/137154\/revisions"}],"wp:featuredmedia":[{"embeddable":true,"href":"https:\/\/cdnoticias.com\/index.php\/wp-json\/wp\/v2\/media\/156448"}],"wp:attachment":[{"href":"https:\/\/cdnoticias.com\/index.php\/wp-json\/wp\/v2\/media?parent=137154"}],"wp:term":[{"taxonomy":"category","embeddable":true,"href":"https:\/\/cdnoticias.com\/index.php\/wp-json\/wp\/v2\/categories?post=137154"},{"taxonomy":"post_tag","embeddable":true,"href":"https:\/\/cdnoticias.com\/index.php\/wp-json\/wp\/v2\/tags?post=137154"}],"curies":[{"name":"wp","href":"https:\/\/api.w.org\/{rel}","templated":true}]}}