{"id":137149,"date":"2023-07-18T14:44:40","date_gmt":"2023-07-18T17:44:40","guid":{"rendered":"http:\/\/centraldeportes.com.ar\/?p=38889"},"modified":"2025-02-11T20:40:29","modified_gmt":"2025-02-11T23:40:29","slug":"el-deporte-olavarriense-tambien-tiene-propuestas-para-el-receso","status":"publish","type":"post","link":"https:\/\/cdnoticias.com\/index.php\/2023\/07\/18\/el-deporte-olavarriense-tambien-tiene-propuestas-para-el-receso\/","title":{"rendered":"El deporte olavarriense tambi\u00e9n tiene propuestas para el receso"},"content":{"rendered":"<p>De manera paralela al inicio del receso invernal comienza el calendario de propuestas ofrecidas desde la Subsecretar\u00eda de Deportes y Recreaci\u00f3n para compartir dos semanas a puro deporte y diversi\u00f3n. Se recuerda, a la par, que desde otras \u00e1reas municipales tambi\u00e9n se realizar\u00e1n numerosas actividades.<!--more--><\/p>\n<hr \/>\n<p>En lo que a Deportes refiere, las vacaciones iniciaron con un encuentro y clase abierta de Newcom en Pueblo Nuevo.<br \/>\nAdem\u00e1s, tambi\u00e9n este lunes, se llev\u00f3 a cabo la primera de las jornadas del calendario de invierno de Juguemos en la Plaza, que desde las 14:30 horas se llevar\u00e1 a cabo en el parque Helios Eseverri.<\/p>\n<p>&nbsp;<\/p>\n<p>El martes, mientras tanto, ser\u00e1 el momento de una clase abierta de B\u00e1dminton, otra de las disciplinas que son ofrecidas en el marco del Programa Municipal de Iniciaci\u00f3n Deportiva. La propuesta ser\u00e1 desde las 14:15 horas en Mariano Moreno.<\/p>\n<p>&nbsp;<\/p>\n<p>El mi\u00e9rcoles el calendario continuar\u00e1 con una jornada recreativa para personas adultas en la que se celebrar\u00e1 el D\u00eda del Amigo. El evento, realizado en conjunto con el Programa de Promoci\u00f3n de Derechos para Personas Adultas, se realizar\u00e1 tambi\u00e9n desde las 14 horas en Mariano Moreno.<\/p>\n<p>&nbsp;<\/p>\n<p>Profesores del staff municipal estar\u00e1n ofreciendo distintas propuestas l\u00fadicas y recreativas para todas las edades, entre las que estar\u00e1n incluidas tambi\u00e9n competencias de f\u00fatbol y softbol el pr\u00f3ximo mi\u00e9rcoles desde las 14:00 en el Parque \u201cHelios Eseverri\u201d.<\/p>\n<p>&nbsp;<\/p>\n<p>El jueves se llevar\u00e1 a cabo una actividad recreativa especial para los m\u00e1s chicos en el CEC 802, ubicado sobre Chiclana y Rufino Fal. Ser\u00e1 desde las 14:30 horas.<\/p>\n<p>&nbsp;<\/p>\n<p>El sal\u00f3n de la Sociedad de Fomento Mariano Moreno, ubicado sobre avenida Sarmiento y Espa\u00f1a, tambi\u00e9n ser\u00e1 sede en el inicio de la tarde del jueves (14 horas) de una clase abierta de gimnasia para ni\u00f1os y ni\u00f1as.<\/p>\n<p>&nbsp;<\/p>\n<p>Por \u00faltimo, el viernes, en id\u00e9ntico sitio y horario, se llevar\u00e1 a cabo una propuesta similar, pero para personas adultas.<\/p>\n","protected":false},"excerpt":{"rendered":"<p>De manera paralela al inicio del receso invernal comienza el calendario de propuestas ofrecidas desde la Subsecretar\u00eda de Deportes y<\/p>\n","protected":false},"author":96739694,"featured_media":156460,"comment_status":"closed","ping_status":"closed","sticky":false,"template":"","format":"standard","meta":{"_jetpack_memberships_contains_paid_content":false,"footnotes":""},"categories":[30,1],"tags":[],"class_list":["post-137149","post","type-post","status-publish","format-standard","has-post-thumbnail","hentry","category-polideportivo","category-portada"],"jetpack_featured_media_url":"https:\/\/i0.wp.com\/cdnoticias.com\/wp-content\/uploads\/2023\/07\/Deportes-Juguemos-en-la-plaza-1-1024x682.jpeg?fit=1024%2C682&ssl=1","jetpack_sharing_enabled":true,"_links":{"self":[{"href":"https:\/\/cdnoticias.com\/index.php\/wp-json\/wp\/v2\/posts\/137149","targetHints":{"allow":["GET"]}}],"collection":[{"href":"https:\/\/cdnoticias.com\/index.php\/wp-json\/wp\/v2\/posts"}],"about":[{"href":"https:\/\/cdnoticias.com\/index.php\/wp-json\/wp\/v2\/types\/post"}],"author":[{"embeddable":true,"href":"https:\/\/cdnoticias.com\/index.php\/wp-json\/wp\/v2\/users\/96739694"}],"replies":[{"embeddable":true,"href":"https:\/\/cdnoticias.com\/index.php\/wp-json\/wp\/v2\/comments?post=137149"}],"version-history":[{"count":0,"href":"https:\/\/cdnoticias.com\/index.php\/wp-json\/wp\/v2\/posts\/137149\/revisions"}],"wp:featuredmedia":[{"embeddable":true,"href":"https:\/\/cdnoticias.com\/index.php\/wp-json\/wp\/v2\/media\/156460"}],"wp:attachment":[{"href":"https:\/\/cdnoticias.com\/index.php\/wp-json\/wp\/v2\/media?parent=137149"}],"wp:term":[{"taxonomy":"category","embeddable":true,"href":"https:\/\/cdnoticias.com\/index.php\/wp-json\/wp\/v2\/categories?post=137149"},{"taxonomy":"post_tag","embeddable":true,"href":"https:\/\/cdnoticias.com\/index.php\/wp-json\/wp\/v2\/tags?post=137149"}],"curies":[{"name":"wp","href":"https:\/\/api.w.org\/{rel}","templated":true}]}}