{"id":137148,"date":"2023-07-18T00:34:17","date_gmt":"2023-07-18T03:34:17","guid":{"rendered":"http:\/\/centraldeportes.com.ar\/?p=38887"},"modified":"2025-02-11T20:40:31","modified_gmt":"2025-02-11T23:40:31","slug":"se-puso-en-marcha-la-copa-de-invierno-organizada-por-el-fortin","status":"publish","type":"post","link":"https:\/\/cdnoticias.com\/index.php\/2023\/07\/18\/se-puso-en-marcha-la-copa-de-invierno-organizada-por-el-fortin\/","title":{"rendered":"Se puso en marcha la Copa de Invierno organizada por El Fort\u00edn"},"content":{"rendered":"<p>El tradicional certamen organizado por el Departamento de F\u00fatbol \u201cFortinero\u201d se extender\u00e1 hasta el pr\u00f3ximo viernes 21 con intensa actividad. Participan tres categor\u00edas masculinas y dos femeninas.<!--more--><\/p>\n<hr \/>\n<p>Con varios partidos disputados, durante la jornada de este lunes dio inicio el <strong>17\u00b0 Torneo de Invierno<\/strong> organizado por el <strong>Club Social y Deportivo El Fort\u00edn<\/strong>. El mismo <strong>est\u00e1 destinado para las categor\u00edas 2012, 2013 y 2014.<\/strong><\/p>\n<p>&nbsp;<\/p>\n<p>En el primer d\u00eda de competencia <strong>se jugaron m\u00e1s de 40 partidos<\/strong> distribuidos en un total de siete canchas. Se disputaron <strong>14 duelos en 2012 y 2013<\/strong>, mientras que en la<strong> categor\u00eda 2014 hubo 18 encuentros<\/strong>.<\/p>\n<p>&nbsp;<\/p>\n<p>[soliloquy id=&#8221;38847&#8243;]<\/p>\n<p>&nbsp;<\/p>\n<p>Dentro de los combinados que forman parte participan Empleados de Trelew, Empleados de Puerto Madryn, Deportivo Rauch, Sarmiento de Tapalqu\u00e9, Alumni de Azul, River Azule\u00f1o, Peque\u00f1os Talentos, Chacarita, Azul Athletic y Empleados de Comercio de Bol\u00edvar.<\/p>\n<p>&nbsp;<\/p>\n<p>Asimismo, en la escala local est\u00e1n El Fort\u00edn, Estudiantes, Embajadores, Ferro, Racing, Municipales, Loma Negra, Direcci\u00f3n de Deportes, Hinojo y Colonias y Cerros.<\/p>\n<p>&nbsp;<\/p>\n<p>La pelota rodar\u00e1 durante toda la semana y <strong>culminar\u00e1 el venidero 21 de julio con las instancias finales<\/strong>.<\/p>\n<p>&nbsp;<\/p>\n<p><em><strong>Foto: Verito Fotograf\u00edas.<\/strong><\/em><\/p>\n","protected":false},"excerpt":{"rendered":"<p>El tradicional certamen organizado por el Departamento de F\u00fatbol \u201cFortinero\u201d se extender\u00e1 hasta el pr\u00f3ximo viernes 21 con intensa actividad.<\/p>\n","protected":false},"author":96739694,"featured_media":156462,"comment_status":"closed","ping_status":"closed","sticky":false,"template":"","format":"standard","meta":{"_jetpack_memberships_contains_paid_content":false,"footnotes":""},"categories":[35,40,1],"tags":[],"class_list":["post-137148","post","type-post","status-publish","format-standard","has-post-thumbnail","hentry","category-futbol","category-inferiores","category-portada"],"jetpack_featured_media_url":"https:\/\/i0.wp.com\/cdnoticias.com\/wp-content\/uploads\/2023\/07\/torneo-inv-4-e1689651243986.jpeg?fit=1600%2C1000&ssl=1","jetpack_sharing_enabled":true,"_links":{"self":[{"href":"https:\/\/cdnoticias.com\/index.php\/wp-json\/wp\/v2\/posts\/137148","targetHints":{"allow":["GET"]}}],"collection":[{"href":"https:\/\/cdnoticias.com\/index.php\/wp-json\/wp\/v2\/posts"}],"about":[{"href":"https:\/\/cdnoticias.com\/index.php\/wp-json\/wp\/v2\/types\/post"}],"author":[{"embeddable":true,"href":"https:\/\/cdnoticias.com\/index.php\/wp-json\/wp\/v2\/users\/96739694"}],"replies":[{"embeddable":true,"href":"https:\/\/cdnoticias.com\/index.php\/wp-json\/wp\/v2\/comments?post=137148"}],"version-history":[{"count":0,"href":"https:\/\/cdnoticias.com\/index.php\/wp-json\/wp\/v2\/posts\/137148\/revisions"}],"wp:featuredmedia":[{"embeddable":true,"href":"https:\/\/cdnoticias.com\/index.php\/wp-json\/wp\/v2\/media\/156462"}],"wp:attachment":[{"href":"https:\/\/cdnoticias.com\/index.php\/wp-json\/wp\/v2\/media?parent=137148"}],"wp:term":[{"taxonomy":"category","embeddable":true,"href":"https:\/\/cdnoticias.com\/index.php\/wp-json\/wp\/v2\/categories?post=137148"},{"taxonomy":"post_tag","embeddable":true,"href":"https:\/\/cdnoticias.com\/index.php\/wp-json\/wp\/v2\/tags?post=137148"}],"curies":[{"name":"wp","href":"https:\/\/api.w.org\/{rel}","templated":true}]}}