{"id":137139,"date":"2023-07-17T01:31:44","date_gmt":"2023-07-17T04:31:44","guid":{"rendered":"http:\/\/centraldeportes.com.ar\/?p=38823"},"modified":"2025-02-11T20:32:23","modified_gmt":"2025-02-11T23:32:23","slug":"chingotto-y-navarro-cayeron-en-la-definicion-del-major-de-italia","status":"publish","type":"post","link":"https:\/\/cdnoticias.com\/index.php\/2023\/07\/17\/chingotto-y-navarro-cayeron-en-la-definicion-del-major-de-italia\/","title":{"rendered":"Chingotto y Navarro cayeron en la definici\u00f3n del Major de Italia"},"content":{"rendered":"<p>El olavarriense y su par espa\u00f1ol le hicieron frente a Tapia \u2013 Coello en un partido de tr\u00e1mite parejo, pero cedieron en sets consecutivos. Ahora se les viene Madrid, por el mismo circuito profesional.<!--more--><\/p>\n<hr \/>\n<p>Lleg\u00f3 a su fin el segundo torneo del a\u00f1o gestionado por <strong>Premier Padel<\/strong> y el t\u00edtulo se les volvi\u00f3 negar a <strong>\u201cChingo\u201d<\/strong> <strong>y \u201cPaquito\u201d<\/strong>, pero terminaron con la frente en alto un enorme certamen realizado jugando a un gran nivel.<\/p>\n<p>&nbsp;<\/p>\n<p>No la ten\u00eda f\u00e1cil en la definici\u00f3n, ya que este domingo enfrentaron en la alfombra central del Foro It\u00e1lico a la pareja del catamarque\u00f1o, <strong>Agust\u00edn Tapia<\/strong> y al oriundo de Valladolid, <strong>Arturo Coello<\/strong>.<\/p>\n<p>&nbsp;<\/p>\n<p>Durante el primer set, las acciones en el 20&#215;10 fueron s\u00faper parejas y al punto por punto, en el que Chingotto y Navarro, por un quiebre sobre el final, terminaron cediendo <strong>7 \u2013 5<\/strong>. M\u00e1s tarde, el segundo cap\u00edtulo comenz\u00f3 de manera favorable para el olavarriense y el sevillano, pero sus rivales entraron un lapso de poder\u00edo ofensivo que les jug\u00f3 a favor para terminar de liquidar el duelo con un <strong>7 \u2013 6 (2)<\/strong> y conseguir su primer t\u00edtulo en el circuito.<\/p>\n<p>&nbsp;<\/p>\n<p><strong>Para \u201cFede\u201d y \u201cPaquito\u201d habr\u00e1 revancha r\u00e1pido, ya que<\/strong> <strong>durante la semana har\u00e1n su estreno en el Major de Madrid<\/strong> en la continuidad de Premier Padel. Con rivales aun no confirmados, comenzar\u00e1n su camino dentro de los dieciseisavos de final del Cuadro principal.<\/p>\n<p>&nbsp;<\/p>\n<p><em><strong>Foto: Federaci\u00f3n Internacional de P\u00e1del.<\/strong><\/em><\/p>\n","protected":false},"excerpt":{"rendered":"<p>El olavarriense y su par espa\u00f1ol le hicieron frente a Tapia \u2013 Coello en un partido de tr\u00e1mite parejo, pero<\/p>\n","protected":false},"author":96739694,"featured_media":156360,"comment_status":"closed","ping_status":"closed","sticky":false,"template":"","format":"standard","meta":{"_jetpack_memberships_contains_paid_content":false,"footnotes":""},"categories":[30,1],"tags":[],"class_list":["post-137139","post","type-post","status-publish","format-standard","has-post-thumbnail","hentry","category-polideportivo","category-portada"],"jetpack_featured_media_url":"https:\/\/i0.wp.com\/cdnoticias.com\/wp-content\/uploads\/2023\/07\/Chingotto-Major-de-Italia-final.jpg?fit=1080%2C544&ssl=1","jetpack_sharing_enabled":true,"_links":{"self":[{"href":"https:\/\/cdnoticias.com\/index.php\/wp-json\/wp\/v2\/posts\/137139","targetHints":{"allow":["GET"]}}],"collection":[{"href":"https:\/\/cdnoticias.com\/index.php\/wp-json\/wp\/v2\/posts"}],"about":[{"href":"https:\/\/cdnoticias.com\/index.php\/wp-json\/wp\/v2\/types\/post"}],"author":[{"embeddable":true,"href":"https:\/\/cdnoticias.com\/index.php\/wp-json\/wp\/v2\/users\/96739694"}],"replies":[{"embeddable":true,"href":"https:\/\/cdnoticias.com\/index.php\/wp-json\/wp\/v2\/comments?post=137139"}],"version-history":[{"count":0,"href":"https:\/\/cdnoticias.com\/index.php\/wp-json\/wp\/v2\/posts\/137139\/revisions"}],"wp:featuredmedia":[{"embeddable":true,"href":"https:\/\/cdnoticias.com\/index.php\/wp-json\/wp\/v2\/media\/156360"}],"wp:attachment":[{"href":"https:\/\/cdnoticias.com\/index.php\/wp-json\/wp\/v2\/media?parent=137139"}],"wp:term":[{"taxonomy":"category","embeddable":true,"href":"https:\/\/cdnoticias.com\/index.php\/wp-json\/wp\/v2\/categories?post=137139"},{"taxonomy":"post_tag","embeddable":true,"href":"https:\/\/cdnoticias.com\/index.php\/wp-json\/wp\/v2\/tags?post=137139"}],"curies":[{"name":"wp","href":"https:\/\/api.w.org\/{rel}","templated":true}]}}