{"id":137135,"date":"2023-07-16T16:33:56","date_gmt":"2023-07-16T19:33:56","guid":{"rendered":"http:\/\/centraldeportes.com.ar\/?p=38746"},"modified":"2025-02-11T20:32:28","modified_gmt":"2025-02-11T23:32:28","slug":"un-sueno-hecho-realidad-hinojo-ya-tiene-luz-artificial","status":"publish","type":"post","link":"https:\/\/cdnoticias.com\/index.php\/2023\/07\/16\/un-sueno-hecho-realidad-hinojo-ya-tiene-luz-artificial\/","title":{"rendered":"Un sue\u00f1o hecho realidad: Hinojo ya tiene luz artificial"},"content":{"rendered":"<p>El s\u00e1bado 15 de julio en horario nocturno quedar\u00e1 para siempre en la memoria de los hinchas del Club Hinojo ya que, por primera vez en su historia, encendi\u00f3 las luces artificiales del Enrique De la Quintana.<!--more--><\/p>\n<hr \/>\n<p>Tras varios meses de trabajo y mucha colaboraci\u00f3n por parte del pueblo, empresas y sponsors, el Club Atl\u00e9tico Hinojo encendi\u00f3 las luces que se colocaron en el transcurso del s\u00e1bado.<\/p>\n<p>&nbsp;<\/p>\n<p>Los trabajos para concretar la iluminaci\u00f3n artificial fueron encabezados por la Subcomisi\u00f3n de F\u00fatbol Mayor del \u201calbiverde\u201d y en el transcurso del s\u00e1bado se coloraron 12 reflectores LED en cada torre que rodean el estadio de la avenida 14.<\/p>\n<p>&nbsp;<\/p>\n<p>Y si bien ya ser\u00e1 tiempo de la inauguraci\u00f3n oficial, en la noche del s\u00e1bado, el Club Hinojo encendi\u00f3, por primera vez en sus m\u00e1s de 100 a\u00f1os de vida, las luces de su estadio.<\/p>\n","protected":false},"excerpt":{"rendered":"<p>El s\u00e1bado 15 de julio en horario nocturno quedar\u00e1 para siempre en la memoria de los hinchas del Club Hinojo<\/p>\n","protected":false},"author":96739694,"featured_media":156368,"comment_status":"closed","ping_status":"closed","sticky":false,"template":"","format":"standard","meta":{"_jetpack_memberships_contains_paid_content":false,"footnotes":""},"categories":[35,1,41],"tags":[],"class_list":["post-137135","post","type-post","status-publish","format-standard","has-post-thumbnail","hentry","category-futbol","category-portada","category-primera-y-reserva"],"jetpack_featured_media_url":"https:\/\/i0.wp.com\/cdnoticias.com\/wp-content\/uploads\/2023\/07\/luzhi.jpg?fit=800%2C450&ssl=1","jetpack_sharing_enabled":true,"_links":{"self":[{"href":"https:\/\/cdnoticias.com\/index.php\/wp-json\/wp\/v2\/posts\/137135","targetHints":{"allow":["GET"]}}],"collection":[{"href":"https:\/\/cdnoticias.com\/index.php\/wp-json\/wp\/v2\/posts"}],"about":[{"href":"https:\/\/cdnoticias.com\/index.php\/wp-json\/wp\/v2\/types\/post"}],"author":[{"embeddable":true,"href":"https:\/\/cdnoticias.com\/index.php\/wp-json\/wp\/v2\/users\/96739694"}],"replies":[{"embeddable":true,"href":"https:\/\/cdnoticias.com\/index.php\/wp-json\/wp\/v2\/comments?post=137135"}],"version-history":[{"count":0,"href":"https:\/\/cdnoticias.com\/index.php\/wp-json\/wp\/v2\/posts\/137135\/revisions"}],"wp:featuredmedia":[{"embeddable":true,"href":"https:\/\/cdnoticias.com\/index.php\/wp-json\/wp\/v2\/media\/156368"}],"wp:attachment":[{"href":"https:\/\/cdnoticias.com\/index.php\/wp-json\/wp\/v2\/media?parent=137135"}],"wp:term":[{"taxonomy":"category","embeddable":true,"href":"https:\/\/cdnoticias.com\/index.php\/wp-json\/wp\/v2\/categories?post=137135"},{"taxonomy":"post_tag","embeddable":true,"href":"https:\/\/cdnoticias.com\/index.php\/wp-json\/wp\/v2\/tags?post=137135"}],"curies":[{"name":"wp","href":"https:\/\/api.w.org\/{rel}","templated":true}]}}