{"id":137129,"date":"2023-07-15T21:45:52","date_gmt":"2023-07-16T00:45:52","guid":{"rendered":"http:\/\/centraldeportes.com.ar\/?p=38715"},"modified":"2025-02-11T20:32:49","modified_gmt":"2025-02-11T23:32:49","slug":"el-minigym-fue-un-exito-con-miles-de-espectadores","status":"publish","type":"post","link":"https:\/\/cdnoticias.com\/index.php\/2023\/07\/15\/el-minigym-fue-un-exito-con-miles-de-espectadores\/","title":{"rendered":"El Minigym fue un \u00e9xito con miles de espectadores"},"content":{"rendered":"<p>En la tarde de este s\u00e1bado, miles de personas se reunieron en el Maxi Gimnasio del Club Estudiantes para acompa\u00f1ar una nueva edici\u00f3n del Mini Gym.<!--more--><\/p>\n<hr \/>\n<p>La apertura del evento -organizado por la Subsecretar\u00eda de Deportes y Recreaci\u00f3n del Municipio- estuvo a cargo de los grupos de ni\u00f1as que concurren al Programa Municipal de Gimnasia en los barrios.<\/p>\n<p>&nbsp;<\/p>\n<p>El intendente Ezequiel Galli remarc\u00f3: \u201cqu\u00e9 mejor manera para los chicos que empezar las vacaciones ac\u00e1, con este marco, con toda la familia acompa\u00f1\u00e1ndolos\u201d.<\/p>\n<p>&nbsp;<\/p>\n<p>\u201cQuer\u00eda destacar y agradecer el trabajo de toda la Subsecretar\u00eda de Deportes, de todos los profes, de todos los gimnasios que se sumaron a la iniciativa, como de Azul y las localidades. Reci\u00e9n vimos a los Centros de D\u00eda con una convocatoria tremenda y un laburo que se hace en los barrios desde la Municipalidad, que es hermoso\u201d, agreg\u00f3.<\/p>\n<p>&nbsp;<\/p>\n<p>Por \u00faltimo agradeci\u00f3 \u201ca todas las familias que hayan venido, con este marco de p\u00fablico se hace m\u00e1s lindo\u201d.<\/p>\n<p>&nbsp;<\/p>\n<p>[soliloquy id=&#8221;38708&#8243;]<\/p>\n<p>&nbsp;<\/p>\n<p>El Mini Gym cont\u00f3 con 30 coreograf\u00edas en escena, con nutridos grupos de gimnasios y escuelas de danza como Natalia Venancio, Cef San Antonio, Vital Fit, Centros de D\u00eda 1, 2 4, 5 y 7, Light\u2019s Gym, Cef 44, Staff LD, Gimnasio Club Del Sol, Cef 100, Daniela Aguer, Escuela de danzas Luc\u00eda Span, Sakinko, Passistas Gress Salguero y Cef 124.<\/p>\n<p>&nbsp;<\/p>\n<p>El cierre estuvo a cargo de una gran presentaci\u00f3n de todos los grupos participantes.<\/p>\n","protected":false},"excerpt":{"rendered":"<p>En la tarde de este s\u00e1bado, miles de personas se reunieron en el Maxi Gimnasio del Club Estudiantes para acompa\u00f1ar<\/p>\n","protected":false},"author":96739694,"featured_media":156388,"comment_status":"closed","ping_status":"closed","sticky":false,"template":"","format":"standard","meta":{"_jetpack_memberships_contains_paid_content":false,"footnotes":""},"categories":[30,1],"tags":[],"class_list":["post-137129","post","type-post","status-publish","format-standard","has-post-thumbnail","hentry","category-polideportivo","category-portada"],"jetpack_featured_media_url":"https:\/\/i0.wp.com\/cdnoticias.com\/wp-content\/uploads\/2023\/07\/minigim-9.jpeg?fit=1500%2C1000&ssl=1","jetpack_sharing_enabled":true,"_links":{"self":[{"href":"https:\/\/cdnoticias.com\/index.php\/wp-json\/wp\/v2\/posts\/137129","targetHints":{"allow":["GET"]}}],"collection":[{"href":"https:\/\/cdnoticias.com\/index.php\/wp-json\/wp\/v2\/posts"}],"about":[{"href":"https:\/\/cdnoticias.com\/index.php\/wp-json\/wp\/v2\/types\/post"}],"author":[{"embeddable":true,"href":"https:\/\/cdnoticias.com\/index.php\/wp-json\/wp\/v2\/users\/96739694"}],"replies":[{"embeddable":true,"href":"https:\/\/cdnoticias.com\/index.php\/wp-json\/wp\/v2\/comments?post=137129"}],"version-history":[{"count":0,"href":"https:\/\/cdnoticias.com\/index.php\/wp-json\/wp\/v2\/posts\/137129\/revisions"}],"wp:featuredmedia":[{"embeddable":true,"href":"https:\/\/cdnoticias.com\/index.php\/wp-json\/wp\/v2\/media\/156388"}],"wp:attachment":[{"href":"https:\/\/cdnoticias.com\/index.php\/wp-json\/wp\/v2\/media?parent=137129"}],"wp:term":[{"taxonomy":"category","embeddable":true,"href":"https:\/\/cdnoticias.com\/index.php\/wp-json\/wp\/v2\/categories?post=137129"},{"taxonomy":"post_tag","embeddable":true,"href":"https:\/\/cdnoticias.com\/index.php\/wp-json\/wp\/v2\/tags?post=137129"}],"curies":[{"name":"wp","href":"https:\/\/api.w.org\/{rel}","templated":true}]}}