{"id":137127,"date":"2023-07-15T18:01:59","date_gmt":"2023-07-15T21:01:59","guid":{"rendered":"http:\/\/centraldeportes.com.ar\/?p=38686"},"modified":"2025-02-11T20:32:57","modified_gmt":"2025-02-11T23:32:57","slug":"las-inferiores-del-futbol-femenino-arrancaron-los-play-off","status":"publish","type":"post","link":"https:\/\/cdnoticias.com\/index.php\/2023\/07\/15\/las-inferiores-del-futbol-femenino-arrancaron-los-play-off\/","title":{"rendered":"Las Inferiores del F\u00fatbol Femenino arrancaron los Play-Off"},"content":{"rendered":"<p>Con toda la actividad concentrada en el Jos\u00e9 Buglione Martinese, el pasado fin de semana tuvieron acci\u00f3n las tres divisionales menores.<!--more--><\/p>\n<hr \/>\n<p>Las <strong>categor\u00edas menores<\/strong> del f\u00fatbol femenino olavarriense disputaron el s\u00e1bado pasado la<strong> 1\u00b0 fecha de los cruces de Play-Off<\/strong> en las tres divisiones: Sub 12, Sub 14 y Sub 16. Toda la actividad se desarroll\u00f3 en el c\u00e9sped del terreno \u201cChaira\u201d.<\/p>\n<p>&nbsp;<\/p>\n<p>Por otro lado, debido a que no estaban dadas las condiciones para el desarrollo de la actividad en el Complejo La Tradici\u00f3n (camino y cancha complicada por la lluvia), <strong>la Primera Divisi\u00f3n no pudo darle inicio al Torneo Clausura<\/strong>.<\/p>\n<p>&nbsp;<\/p>\n<p>No obstante,<strong> este domingo retomar\u00e1 la actividad<\/strong> con todos los cruces concentrados en el estadio Domingo Colasurdo.<\/p>\n<p>&nbsp;<\/p>\n<p>[soliloquy id=&#8221;38524&#8243;]<\/p>\n<p>&nbsp;<\/p>\n<h6><strong>Resultados:<\/strong><\/h6>\n<p>&nbsp;<\/p>\n<h6>Sub 12<\/h6>\n<p>Ferro <strong>4 \u2013 1<\/strong> Embajadores<\/p>\n<p>Racing<strong> 1 \u2013<\/strong> <strong>0<\/strong> Municipales<\/p>\n<p>El Fort\u00edn <strong>0 \u2013 5<\/strong> Estudiantes<\/p>\n<p>&nbsp;<\/p>\n<h6>Sub 14<\/h6>\n<p>Racing <strong>1 \u2013 0<\/strong> Sierra Chica<\/p>\n<p>Estudiantes <strong>3 \u2013 2<\/strong> El Fort\u00edn<\/p>\n<p>Municipales <strong>4 \u2013 1<\/strong> Embajadores<\/p>\n<p>&nbsp;<\/p>\n<h6>Sub 16<\/h6>\n<p>Municipales <strong>0 \u2013 1<\/strong> Ferro<\/p>\n<p>Racing <strong>7 \u2013 0<\/strong> Sierra Chica<\/p>\n","protected":false},"excerpt":{"rendered":"<p>Con toda la actividad concentrada en el Jos\u00e9 Buglione Martinese, el pasado fin de semana tuvieron acci\u00f3n las tres divisionales<\/p>\n","protected":false},"author":96739694,"featured_media":156394,"comment_status":"closed","ping_status":"closed","sticky":false,"template":"","format":"standard","meta":{"_jetpack_memberships_contains_paid_content":false,"footnotes":""},"categories":[47,35,1],"tags":[],"class_list":["post-137127","post","type-post","status-publish","format-standard","has-post-thumbnail","hentry","category-femenino","category-futbol","category-portada"],"jetpack_featured_media_url":"https:\/\/i0.wp.com\/cdnoticias.com\/wp-content\/uploads\/2023\/07\/lfo-fem-1.jpeg?fit=1504%2C1004&ssl=1","jetpack_sharing_enabled":true,"_links":{"self":[{"href":"https:\/\/cdnoticias.com\/index.php\/wp-json\/wp\/v2\/posts\/137127","targetHints":{"allow":["GET"]}}],"collection":[{"href":"https:\/\/cdnoticias.com\/index.php\/wp-json\/wp\/v2\/posts"}],"about":[{"href":"https:\/\/cdnoticias.com\/index.php\/wp-json\/wp\/v2\/types\/post"}],"author":[{"embeddable":true,"href":"https:\/\/cdnoticias.com\/index.php\/wp-json\/wp\/v2\/users\/96739694"}],"replies":[{"embeddable":true,"href":"https:\/\/cdnoticias.com\/index.php\/wp-json\/wp\/v2\/comments?post=137127"}],"version-history":[{"count":0,"href":"https:\/\/cdnoticias.com\/index.php\/wp-json\/wp\/v2\/posts\/137127\/revisions"}],"wp:featuredmedia":[{"embeddable":true,"href":"https:\/\/cdnoticias.com\/index.php\/wp-json\/wp\/v2\/media\/156394"}],"wp:attachment":[{"href":"https:\/\/cdnoticias.com\/index.php\/wp-json\/wp\/v2\/media?parent=137127"}],"wp:term":[{"taxonomy":"category","embeddable":true,"href":"https:\/\/cdnoticias.com\/index.php\/wp-json\/wp\/v2\/categories?post=137127"},{"taxonomy":"post_tag","embeddable":true,"href":"https:\/\/cdnoticias.com\/index.php\/wp-json\/wp\/v2\/tags?post=137127"}],"curies":[{"name":"wp","href":"https:\/\/api.w.org\/{rel}","templated":true}]}}