{"id":137117,"date":"2023-07-14T16:10:43","date_gmt":"2023-07-14T19:10:43","guid":{"rendered":"http:\/\/centraldeportes.com.ar\/?p=38626"},"modified":"2025-02-11T20:31:12","modified_gmt":"2025-02-11T23:31:12","slug":"con-triunfos-de-munoz-y-colonias-y-cerros-se-completo-la-5-fecha","status":"publish","type":"post","link":"https:\/\/cdnoticias.com\/index.php\/2023\/07\/14\/con-triunfos-de-munoz-y-colonias-y-cerros-se-completo-la-5-fecha\/","title":{"rendered":"Con triunfos de Mu\u00f1oz y Colonias y Cerros, se complet\u00f3 la 5\u00b0 fecha"},"content":{"rendered":"<p>La Divisional B cerr\u00f3 otra fecha del Torneo Oficial con acci\u00f3n simult\u00e1nea en dos escenarios locales. El \u201cTricolor\u201d contin\u00faa como \u00fanico l\u00edder en las dos categor\u00edas.<!--more--><\/p>\n<hr \/>\n<p>Durante la noche del jueves, la segunda categor\u00eda gestionada por la Liga de F\u00fatbol de Olavarr\u00eda le dio continuidad y cierre a la 5\u00b0 fecha del Torneo Oficial que <a href=\"http:\/\/centraldeportes.com.ar\/desdoblada-jornada-en-la-divisional-b-festejaron-crotto-y-recalde\/\">hab\u00eda comenzado el pasado domingo<\/a> con dos encuentros.<\/p>\n<p>&nbsp;<\/p>\n<p>Por un lado, en Loma Negra, <strong>Mu\u00f1oz<\/strong> festej\u00f3 con goleada ante <strong>Villa Magdalena<\/strong> e hizo lo propio en Reserva. Tambi\u00e9n lo emul\u00f3 el puntero, <strong>Colonias y Cerros<\/strong>, que se impuso con autoridad sobre <strong>Defensores de Hinojo<\/strong> en las dos categor\u00edas que tuvieron rodaje en el c\u00e9sped del Domingo Colasurdo.<\/p>\n<p>&nbsp;<\/p>\n<p>[soliloquy id=&#8221;38615&#8243;]<\/p>\n<p>&nbsp;<\/p>\n<h6><strong>Resultados:<\/strong><\/h6>\n<p>&nbsp;<\/p>\n<h6>Primera<\/h6>\n<p><strong>Mu\u00f1oz<\/strong> (Mart\u00edn Lovano, Patricio Palazzini y Franco Meyra -2-) <strong>4 \u2013 0 Villa Magdalena<\/strong><\/p>\n<p><strong>Colonias y Cerros<\/strong> (Maximiliano Vivas -2- y El\u00edas Rodr\u00edguez) <strong>3 \u2013 1 Defensores de Hinojo<\/strong><\/p>\n<p>&nbsp;<\/p>\n<p><img data-recalc-dims=\"1\" loading=\"lazy\" decoding=\"async\" class=\"aligncenter size-full wp-image-38632\" src=\"https:\/\/i0.wp.com\/centraldeportes.com.ar\/wp-content\/uploads\/2023\/07\/Posiciones-Primera-5%C2%B0-Fecha.png?resize=791%2C461\" alt=\"\" width=\"791\" height=\"461\" \/><\/p>\n<p>&nbsp;<\/p>\n<h6>Reserva<\/h6>\n<p>Mu\u00f1oz <strong>2 \u2013 0<\/strong> Villa Magdalena<\/p>\n<p>Colonias y Cerros <strong>6 \u2013 0<\/strong> Defensores de Hinojo<\/p>\n<p>&nbsp;<\/p>\n<p><img data-recalc-dims=\"1\" loading=\"lazy\" decoding=\"async\" class=\"aligncenter size-full wp-image-38633\" src=\"https:\/\/i0.wp.com\/centraldeportes.com.ar\/wp-content\/uploads\/2023\/07\/Posiciones-Reserva-5%C2%B0-Fecha.png?resize=789%2C461\" alt=\"\" width=\"789\" height=\"461\" \/><\/p>\n","protected":false},"excerpt":{"rendered":"<p>La Divisional B cerr\u00f3 otra fecha del Torneo Oficial con acci\u00f3n simult\u00e1nea en dos escenarios locales. El \u201cTricolor\u201d contin\u00faa como<\/p>\n","protected":false},"author":96739694,"featured_media":156304,"comment_status":"closed","ping_status":"closed","sticky":false,"template":"","format":"standard","meta":{"_jetpack_memberships_contains_paid_content":false,"footnotes":""},"categories":[35,1,41],"tags":[],"class_list":["post-137117","post","type-post","status-publish","format-standard","has-post-thumbnail","hentry","category-futbol","category-portada","category-primera-y-reserva"],"jetpack_featured_media_url":"https:\/\/i0.wp.com\/cdnoticias.com\/wp-content\/uploads\/2023\/07\/primera-b-1.jpeg?fit=1280%2C853&ssl=1","jetpack_sharing_enabled":true,"_links":{"self":[{"href":"https:\/\/cdnoticias.com\/index.php\/wp-json\/wp\/v2\/posts\/137117","targetHints":{"allow":["GET"]}}],"collection":[{"href":"https:\/\/cdnoticias.com\/index.php\/wp-json\/wp\/v2\/posts"}],"about":[{"href":"https:\/\/cdnoticias.com\/index.php\/wp-json\/wp\/v2\/types\/post"}],"author":[{"embeddable":true,"href":"https:\/\/cdnoticias.com\/index.php\/wp-json\/wp\/v2\/users\/96739694"}],"replies":[{"embeddable":true,"href":"https:\/\/cdnoticias.com\/index.php\/wp-json\/wp\/v2\/comments?post=137117"}],"version-history":[{"count":0,"href":"https:\/\/cdnoticias.com\/index.php\/wp-json\/wp\/v2\/posts\/137117\/revisions"}],"wp:featuredmedia":[{"embeddable":true,"href":"https:\/\/cdnoticias.com\/index.php\/wp-json\/wp\/v2\/media\/156304"}],"wp:attachment":[{"href":"https:\/\/cdnoticias.com\/index.php\/wp-json\/wp\/v2\/media?parent=137117"}],"wp:term":[{"taxonomy":"category","embeddable":true,"href":"https:\/\/cdnoticias.com\/index.php\/wp-json\/wp\/v2\/categories?post=137117"},{"taxonomy":"post_tag","embeddable":true,"href":"https:\/\/cdnoticias.com\/index.php\/wp-json\/wp\/v2\/tags?post=137117"}],"curies":[{"name":"wp","href":"https:\/\/api.w.org\/{rel}","templated":true}]}}