{"id":137115,"date":"2023-07-14T15:18:04","date_gmt":"2023-07-14T18:18:04","guid":{"rendered":"http:\/\/centraldeportes.com.ar\/?p=38622"},"modified":"2025-02-11T20:31:14","modified_gmt":"2025-02-11T23:31:14","slug":"estudiantes-elimino-a-embajadores-en-los-penales-y-es-finalista-en-reserva","status":"publish","type":"post","link":"https:\/\/cdnoticias.com\/index.php\/2023\/07\/14\/estudiantes-elimino-a-embajadores-en-los-penales-y-es-finalista-en-reserva\/","title":{"rendered":"Estudiantes elimin\u00f3 a Embajadores en los penales y es finalista en Reserva"},"content":{"rendered":"<p>Ser\u00e1 el \u00fanico representante olavarriense en las definiciones. En Libre, Lil\u00e1n de Laprida e Independiente de Chillar definir\u00e1n el campe\u00f3n.<!--more--><\/p>\n<hr \/>\n<p>En la tarde noche del jueves, <strong>Estudiantes<\/strong> fue local de <strong>Embajadores<\/strong> para disputar los restantes noventa minutos de la serie de <strong>semifinales del Torneo Interligas en la Divisi\u00f3n Reserva<\/strong>. Vale recordar que el pasado domingo, el \u201cBata\u201d se impuso 2 a 1 en la ida celebrada en el sint\u00e9tico del \u201cTete\u201d Di Carlo.<\/p>\n<p>&nbsp;<\/p>\n<p>No obstante, en el duelo revancha, <strong>el CEO venci\u00f3 2 a 1 al conjunto \u201cAlbinegro\u201d, igual\u00f3 la serie global 3 a 3 y oblig\u00f3 a la definici\u00f3n desde los once metros<\/strong> para conocer al finalista en Sub 21.<\/p>\n<p>&nbsp;<\/p>\n<p>[soliloquy id=&#8221;38614&#8243;]<\/p>\n<p>&nbsp;<\/p>\n<p>El \u201cBata\u201d lo ganaba con el tanto de <strong>Mateo Pino<\/strong> desde el primer tiempo, pero en la segunda mitad el equipo de la avenida Avellaneda se repuso con dos goles de <strong>Rodrigo Novas<\/strong>.<\/p>\n<p>&nbsp;<\/p>\n<p>Asimismo,<strong> en una extendida tanda de penales, Estudiantes se impuso 7 a 6<\/strong> y se meti\u00f3 en la definici\u00f3n del campeonato donde enfrentar\u00e1 a<strong> Chacarita de Azul<\/strong>. El partido de ida ser\u00e1 en la vecina ciudad el pr\u00f3ximo domingo desde las 15:30 horas, en tanto que la revancha se jugar\u00e1 en el Parque Carlos Guerrero.<\/p>\n","protected":false},"excerpt":{"rendered":"<p>Ser\u00e1 el \u00fanico representante olavarriense en las definiciones. En Libre, Lil\u00e1n de Laprida e Independiente de Chillar definir\u00e1n el campe\u00f3n.<\/p>\n","protected":false},"author":96739694,"featured_media":156306,"comment_status":"closed","ping_status":"closed","sticky":false,"template":"","format":"standard","meta":{"_jetpack_memberships_contains_paid_content":false,"footnotes":""},"categories":[35,1,41],"tags":[],"class_list":["post-137115","post","type-post","status-publish","format-standard","has-post-thumbnail","hentry","category-futbol","category-portada","category-primera-y-reserva"],"jetpack_featured_media_url":"https:\/\/i0.wp.com\/cdnoticias.com\/wp-content\/uploads\/2023\/07\/cae-ceo-interligas-reserva-9.jpeg?fit=1280%2C824&ssl=1","jetpack_sharing_enabled":true,"_links":{"self":[{"href":"https:\/\/cdnoticias.com\/index.php\/wp-json\/wp\/v2\/posts\/137115","targetHints":{"allow":["GET"]}}],"collection":[{"href":"https:\/\/cdnoticias.com\/index.php\/wp-json\/wp\/v2\/posts"}],"about":[{"href":"https:\/\/cdnoticias.com\/index.php\/wp-json\/wp\/v2\/types\/post"}],"author":[{"embeddable":true,"href":"https:\/\/cdnoticias.com\/index.php\/wp-json\/wp\/v2\/users\/96739694"}],"replies":[{"embeddable":true,"href":"https:\/\/cdnoticias.com\/index.php\/wp-json\/wp\/v2\/comments?post=137115"}],"version-history":[{"count":0,"href":"https:\/\/cdnoticias.com\/index.php\/wp-json\/wp\/v2\/posts\/137115\/revisions"}],"wp:featuredmedia":[{"embeddable":true,"href":"https:\/\/cdnoticias.com\/index.php\/wp-json\/wp\/v2\/media\/156306"}],"wp:attachment":[{"href":"https:\/\/cdnoticias.com\/index.php\/wp-json\/wp\/v2\/media?parent=137115"}],"wp:term":[{"taxonomy":"category","embeddable":true,"href":"https:\/\/cdnoticias.com\/index.php\/wp-json\/wp\/v2\/categories?post=137115"},{"taxonomy":"post_tag","embeddable":true,"href":"https:\/\/cdnoticias.com\/index.php\/wp-json\/wp\/v2\/tags?post=137115"}],"curies":[{"name":"wp","href":"https:\/\/api.w.org\/{rel}","templated":true}]}}