{"id":137114,"date":"2023-07-14T14:49:55","date_gmt":"2023-07-14T17:49:55","guid":{"rendered":"http:\/\/centraldeportes.com.ar\/?p=38619"},"modified":"2025-02-11T20:31:15","modified_gmt":"2025-02-11T23:31:15","slug":"este-sabado-se-llevara-a-cabo-un-nuevo-mini-gym","status":"publish","type":"post","link":"https:\/\/cdnoticias.com\/index.php\/2023\/07\/14\/este-sabado-se-llevara-a-cabo-un-nuevo-mini-gym\/","title":{"rendered":"Este s\u00e1bado se llevar\u00e1 a cabo un nuevo Mini Gym"},"content":{"rendered":"<p>Desde la Subsecretar\u00eda de Deportes y Recreaci\u00f3n de la Municipalidad de Olavarr\u00eda se recuerda que este s\u00e1bado se llevar\u00e1 a cabo una nueva edici\u00f3n del Mini Gym, el tradicional encuentro de gimnasia infantil que convoca a un importante n\u00famero de chicos y chicas de distintas instituciones no s\u00f3lo de nuestro Partido, sino tambi\u00e9n de la regi\u00f3n.<\/p>\n<p><!--more--><\/p>\n<hr \/>\n<p>El evento se realizar\u00e1 a partir de las 14 horas, en el Maxi Gimnasio del Club Atl\u00e9tico Estudiantes, destinado a entidades que cuenten con grupos de\u00a0 ni\u00f1os y ni\u00f1as de entre 3 y 12 a\u00f1os, quienes tendr\u00e1n lo oportunidad de mostrar coreograf\u00edas de baile y aer\u00f3bica.<\/p>\n<p>&nbsp;<\/p>\n<p>Para las familias, allegados y personas que quieran presenciar el evento el valor de la entrada ser\u00e1 un juguete, que posteriormente ser\u00e1n entregados a entidades barriales y juntas vecinales en el marco de los festejos por el D\u00eda del Ni\u00f1o.<\/p>\n","protected":false},"excerpt":{"rendered":"<p>Desde la Subsecretar\u00eda de Deportes y Recreaci\u00f3n de la Municipalidad de Olavarr\u00eda se recuerda que este s\u00e1bado se llevar\u00e1 a<\/p>\n","protected":false},"author":96739694,"featured_media":156308,"comment_status":"closed","ping_status":"closed","sticky":false,"template":"","format":"standard","meta":{"_jetpack_memberships_contains_paid_content":false,"footnotes":""},"categories":[30,1],"tags":[],"class_list":["post-137114","post","type-post","status-publish","format-standard","has-post-thumbnail","hentry","category-polideportivo","category-portada"],"jetpack_featured_media_url":"https:\/\/i0.wp.com\/cdnoticias.com\/wp-content\/uploads\/2023\/07\/Deportes-MiniGym-14-1024x685.jpg?fit=1024%2C685&ssl=1","jetpack_sharing_enabled":true,"_links":{"self":[{"href":"https:\/\/cdnoticias.com\/index.php\/wp-json\/wp\/v2\/posts\/137114","targetHints":{"allow":["GET"]}}],"collection":[{"href":"https:\/\/cdnoticias.com\/index.php\/wp-json\/wp\/v2\/posts"}],"about":[{"href":"https:\/\/cdnoticias.com\/index.php\/wp-json\/wp\/v2\/types\/post"}],"author":[{"embeddable":true,"href":"https:\/\/cdnoticias.com\/index.php\/wp-json\/wp\/v2\/users\/96739694"}],"replies":[{"embeddable":true,"href":"https:\/\/cdnoticias.com\/index.php\/wp-json\/wp\/v2\/comments?post=137114"}],"version-history":[{"count":0,"href":"https:\/\/cdnoticias.com\/index.php\/wp-json\/wp\/v2\/posts\/137114\/revisions"}],"wp:featuredmedia":[{"embeddable":true,"href":"https:\/\/cdnoticias.com\/index.php\/wp-json\/wp\/v2\/media\/156308"}],"wp:attachment":[{"href":"https:\/\/cdnoticias.com\/index.php\/wp-json\/wp\/v2\/media?parent=137114"}],"wp:term":[{"taxonomy":"category","embeddable":true,"href":"https:\/\/cdnoticias.com\/index.php\/wp-json\/wp\/v2\/categories?post=137114"},{"taxonomy":"post_tag","embeddable":true,"href":"https:\/\/cdnoticias.com\/index.php\/wp-json\/wp\/v2\/tags?post=137114"}],"curies":[{"name":"wp","href":"https:\/\/api.w.org\/{rel}","templated":true}]}}